{"id":6132,"date":"2020-05-08T18:37:02","date_gmt":"2020-05-08T16:37:02","guid":{"rendered":"http:\/\/agora.xtec.cat\/ceipsab\/?p=6132"},"modified":"2020-05-29T16:03:15","modified_gmt":"2020-05-29T14:03:15","slug":"preinscripcions-2020-2021","status":"publish","type":"post","link":"https:\/\/agora.xtec.cat\/ceipsab\/portada\/preinscripcions-2020-2021\/","title":{"rendered":"PREINSCRIPCIONS 2020-2021"},"content":{"rendered":"<p>Ja hi ha dates de preinscripci\u00f3 escolar d\u2019educaci\u00f3 infantil, educaci\u00f3 prim\u00e0ria i educaci\u00f3 secund\u00e0ria (ESO).<\/p>\n<p>La nostra oferta de places vacants pel curs vinent la podeu consultar clicant <a href=\"http:\/\/mapaescolar.gencat.cat\/\">aqu\u00ed<\/a>.<\/p>\n<p><a href=\"https:\/\/agora.xtec.cat\/ceipsab\/wp-content\/uploads\/usu1011\/2020\/05\/08060848-Places-vacants.pdf\" target=\"_blank\" rel=\"noopener noreferrer\"><img loading=\"lazy\" decoding=\"async\" class=\"aligncenter wp-image-6201\" src=\"https:\/\/agora.xtec.cat\/ceipsab\/wp-content\/uploads\/usu1011\/2020\/05\/oferta-places-20-21-Escola-Sant-Andreu-de-la-Barca.png\" alt=\"\" width=\"470\" height=\"386\" srcset=\"https:\/\/agora.xtec.cat\/ceipsab\/wp-content\/uploads\/usu1011\/2020\/05\/oferta-places-20-21-Escola-Sant-Andreu-de-la-Barca.png 696w, https:\/\/agora.xtec.cat\/ceipsab\/wp-content\/uploads\/usu1011\/2020\/05\/oferta-places-20-21-Escola-Sant-Andreu-de-la-Barca-300x247.png 300w\" sizes=\"auto, (max-width: 470px) 100vw, 470px\" \/><\/a><\/p>\n<p>La nostra escola est\u00e0 adscrita a l&#8217;Institut Montserrat Roig i El Palau<\/p>\n<p>La preinscripci\u00f3 es podr\u00e0 fer del 13 al 22 de maig del 2020:<\/p>\n<ul>\n<li>De forma telem\u00e0tica del 13 al 22 de maig de 2020.<a href=\"https:\/\/aplicacions.gestioeducativa.gencat.cat\/pls\/apex\/f?p=20160079072543618:5:::NO:RP,5,10,15,20,25::&amp;cs=3TluPXPWrEM0Ry5wdjco7OR6AzbM\"><strong> Cliqueu aqu\u00ed per fer la preinscripci\u00f3 telem\u00e0tica.<\/strong><\/a><\/li>\n<li>Aqu\u00ed teniu un v\u00eddeo tutorial de com fer la preinscripci\u00f3 telem\u00e0tica, us anir\u00e0 molt b\u00e9 per aclarir dubtes.<\/li>\n<\/ul>\n<p><iframe loading=\"lazy\" title=\"Tutorial Preinscripcio\u0301 2020 21\" width=\"500\" height=\"281\" src=\"https:\/\/www.youtube.com\/embed\/dbJ-t-WUeh8?feature=oembed\" frameborder=\"0\" allow=\"accelerometer; autoplay; clipboard-write; encrypted-media; gyroscope; picture-in-picture; web-share\" referrerpolicy=\"strict-origin-when-cross-origin\" allowfullscreen><\/iframe><\/p>\n<ul>\n<li>Un cop feta la preincripcio telem\u00e0tica, haureu de trametre el resguard de la sol\u00b7licitud, juntament amb tota la documentaci\u00f3 (pot estar escanejada o tamb\u00e9 serveix una fotografia), al correu oficial del centre que trieu en 1\u00aa opci\u00f3, en el nostre cas l\u2019adre\u00e7a de correu electr\u00f2nic \u00e9s <a href=\"mailto:a8060848@xtec.cat\">a8060848@xtec.cat<\/a>.<\/li>\n<li>Un cop rebem la vostra sol\u00b7licitud us respondrem confirmant-vos que l\u2019hem rebuda correctament.<\/li>\n<\/ul>\n<p>Aquelles fam\u00edlies que no ho puguin fer de forma telem\u00e0tica podran fer la preinscripci\u00f3 escolar de forma presencial del 19 al 22 de maig de 2020 demanant cita pr\u00e8via . Per demanar cita pr\u00e8via clique<a href=\"https:\/\/aplicacions.gestioeducativa.gencat.cat\/pls\/apex\/f?p=CITA_PREVIA:4::::4:P4_TIPUS_CALENDARI,P4_DOMINI:01_Oblig,08060848\"> aqu\u00ed<\/a>.<\/p>\n<p>Horari d&#8217;atenci\u00f3\u00a0 a les fam\u00edlies<\/p>\n<ul>\n<li>dimarts 19\u00a0 i divendre 22\u00a0 de maig de 9&#8217;30h. a 13h.<\/li>\n<li>dimecres 20 i dijous 21 de maig de 9&#8217;30h. a 13h. i de 15h. a 16&#8217;30h.<\/li>\n<\/ul>\n<p>Si demaneu la nostra escola com a primera opci\u00f3 tamb\u00e9 podeu demanar cita pr\u00e8via trucant per tel\u00e8fon al 667367983 (9h-15h), o contactant per correu electr\u00f2nic <a href=\"mailto:a8060848@xtec.cat\">a8060848@xtec.cat.<\/a><\/p>\n<p>Trobareu tota la informaci\u00f3 del proc\u00e9s de preinscripci\u00f3 i matriculaci\u00f3 a <a href=\"http:\/\/queestudiar.gencat.cat\/ca\/\">Estudiar a Catalunya.<\/a><\/p>\n<p>Aspectes a tenir en compte a l&#8217;hora de fer la preinscripci\u00f3:<\/p>\n<ul>\n<li><a href=\"https:\/\/agora.xtec.cat\/ceipsab\/wp-content\/uploads\/usu1011\/2020\/05\/CALENDARI-PREINSCRIPCI\u00d3-2020-2021.pdf\"><strong>Calendari preinscripci\u00f3 2020-2021.<\/strong><\/a><\/li>\n<li><a href=\"https:\/\/agora.xtec.cat\/ceipsab\/wp-content\/uploads\/usu1011\/2020\/05\/CODIS-CENTRES.pdf\"><strong>Codis de centres escolars de Sant Andreu de la Barca.<\/strong><\/a><\/li>\n<li><a href=\"https:\/\/agora.xtec.cat\/ceipsab\/wp-content\/uploads\/usu1011\/2020\/05\/\u00e0rees-dinflu\u00e8ncia-prim\u00e0ria.pdf\"><strong>Mapa d&#8217;\u00e0rea d&#8217;influ\u00e8ncia.<\/strong><\/a><\/li>\n<li><a href=\"https:\/\/agora.xtec.cat\/ceipsab\/wp-content\/uploads\/usu1011\/2020\/05\/CITA-PR\u00c8VIA.pdf\"><strong>Aspectes importants per poder fer la sol\u00b7licitud amb cita pr\u00e8via.<\/strong><\/a><\/li>\n<\/ul>\n<p>Si necessiteu aclarir dubtes podeu enviar un email al correu de l&#8217;escola o intentarem ajudar-vos. (<a href=\"mailto:a8060848@xtec.cat\">a8060848@xtec.cat).<\/a><\/p>\n","protected":false},"excerpt":{"rendered":"<p>Ja hi ha dates de preinscripci\u00f3 escolar d\u2019educaci\u00f3 infantil, educaci\u00f3 prim\u00e0ria i educaci\u00f3 secund\u00e0ria (ESO).<br \/>\nLa nostra oferta de places vacants pel curs vinent la podeu consultar clicant <a href=\"http:\/\/mapaescolar.gencat.cat\/\">aqu\u00ed<\/a>.<br \/>\n<a href=\"https:\/\/agora.xtec.cat\/ceipsab\/wp-content\/uploads\/usu1011\/2020\/05\/08060848-Places-vacants.pdf\" target=\"_blank\" rel=\"noopener noreferrer\"><\/a><br \/>\nLa nostra escola est\u00e0 adscrita a l&#8217;Institut Montserrat Roig i El Palau<br \/>\nLa preinscripci\u00f3&hellip;  <a href=\"https:\/\/agora.xtec.cat\/ceipsab\/portada\/preinscripcions-2020-2021\/\" title=\"Read PREINSCRIPCIONS 2020-2021\">Llegeix m\u00e9s\u00bb<\/a><\/p>\n","protected":false},"author":3,"featured_media":6133,"comment_status":"open","ping_status":"closed","sticky":false,"template":"","format":"standard","meta":{"_bbp_topic_count":0,"_bbp_reply_count":0,"_bbp_total_topic_count":0,"_bbp_total_reply_count":0,"_bbp_voice_count":0,"_bbp_anonymous_reply_count":0,"_bbp_topic_count_hidden":0,"_bbp_reply_count_hidden":0,"_bbp_forum_subforum_count":0,"footnotes":""},"categories":[4],"tags":[],"class_list":["post-6132","post","type-post","status-publish","format-standard","has-post-thumbnail","hentry","category-portada"],"post_mailing_queue_ids":[],"_links":{"self":[{"href":"https:\/\/agora.xtec.cat\/ceipsab\/wp-json\/wp\/v2\/posts\/6132","targetHints":{"allow":["GET"]}}],"collection":[{"href":"https:\/\/agora.xtec.cat\/ceipsab\/wp-json\/wp\/v2\/posts"}],"about":[{"href":"https:\/\/agora.xtec.cat\/ceipsab\/wp-json\/wp\/v2\/types\/post"}],"author":[{"embeddable":true,"href":"https:\/\/agora.xtec.cat\/ceipsab\/wp-json\/wp\/v2\/users\/3"}],"replies":[{"embeddable":true,"href":"https:\/\/agora.xtec.cat\/ceipsab\/wp-json\/wp\/v2\/comments?post=6132"}],"version-history":[{"count":3,"href":"https:\/\/agora.xtec.cat\/ceipsab\/wp-json\/wp\/v2\/posts\/6132\/revisions"}],"predecessor-version":[{"id":6213,"href":"https:\/\/agora.xtec.cat\/ceipsab\/wp-json\/wp\/v2\/posts\/6132\/revisions\/6213"}],"wp:featuredmedia":[{"embeddable":true,"href":"https:\/\/agora.xtec.cat\/ceipsab\/wp-json\/wp\/v2\/media\/6133"}],"wp:attachment":[{"href":"https:\/\/agora.xtec.cat\/ceipsab\/wp-json\/wp\/v2\/media?parent=6132"}],"wp:term":[{"taxonomy":"category","embeddable":true,"href":"https:\/\/agora.xtec.cat\/ceipsab\/wp-json\/wp\/v2\/categories?post=6132"},{"taxonomy":"post_tag","embeddable":true,"href":"https:\/\/agora.xtec.cat\/ceipsab\/wp-json\/wp\/v2\/tags?post=6132"}],"curies":[{"name":"wp","href":"https:\/\/api.w.org\/{rel}","templated":true}]}}