{"id":5990,"date":"2020-05-04T19:45:27","date_gmt":"2020-05-04T17:45:27","guid":{"rendered":"http:\/\/agora.xtec.cat\/ceipsab\/?p=5990"},"modified":"2020-05-04T19:45:27","modified_gmt":"2020-05-04T17:45:27","slug":"el-repte-del-spiderman-repte-6","status":"publish","type":"post","link":"https:\/\/agora.xtec.cat\/ceipsab\/portada\/el-repte-del-spiderman-repte-6\/","title":{"rendered":"EL REPTE DEL SPIDERMAN (REPTE 6)"},"content":{"rendered":"<p>Aquesta setmana arriba el Spiderman m\u00e9s boig que mai amb la idea de fer un concurs de talents. Tothom t\u00e9 un talent ocult, una capacitat especial, una habilitat per fer una activitat extraordin\u00e0ria, etc. Tots i totes som diferents per\u00f2 genials, i som d&#8217;all\u00f2 m\u00e9s divertits si sabem ensenyar amb gr\u00e0cia all\u00f2 que sabem fer millor. Fes-nos riure amb la teva creativitat i amb el teu talent! \u00c0nims!<\/p>\n<p>RECORDEU EN PENJAR ELS VIDEOS AL DRIVE! \ud83d\ude42 GR\u00c0CIES!<\/p>\n<p><iframe loading=\"lazy\" title=\"EL REPTE DEL SPIDERMAN (REPTE 6)\" width=\"500\" height=\"281\" src=\"https:\/\/www.youtube.com\/embed\/-WuGKwVsERw?feature=oembed\" frameborder=\"0\" allow=\"accelerometer; autoplay; clipboard-write; encrypted-media; gyroscope; picture-in-picture; web-share\" referrerpolicy=\"strict-origin-when-cross-origin\" allowfullscreen><\/iframe><\/p>\n","protected":false},"excerpt":{"rendered":"<p>Aquesta setmana arriba el Spiderman m\u00e9s boig que mai amb la idea de fer un concurs de talents. Tothom t\u00e9 un talent ocult, una capacitat especial, una habilitat per fer una activitat extraordin\u00e0ria, etc. Tots i totes som diferents per\u00f2 genials, i som d&#8217;all\u00f2 m\u00e9s&hellip;  <a href=\"https:\/\/agora.xtec.cat\/ceipsab\/portada\/el-repte-del-spiderman-repte-6\/\" title=\"Read EL REPTE DEL SPIDERMAN (REPTE 6)\">Llegeix m\u00e9s\u00bb<\/a><\/p>\n","protected":false},"author":1,"featured_media":5994,"comment_status":"open","ping_status":"closed","sticky":false,"template":"","format":"standard","meta":{"_bbp_topic_count":0,"_bbp_reply_count":0,"_bbp_total_topic_count":0,"_bbp_total_reply_count":0,"_bbp_voice_count":0,"_bbp_anonymous_reply_count":0,"_bbp_topic_count_hidden":0,"_bbp_reply_count_hidden":0,"_bbp_forum_subforum_count":0,"footnotes":""},"categories":[62,4],"tags":[],"class_list":["post-5990","post","type-post","status-publish","format-standard","has-post-thumbnail","hentry","category-educacio-infantil","category-portada"],"post_mailing_queue_ids":[],"_links":{"self":[{"href":"https:\/\/agora.xtec.cat\/ceipsab\/wp-json\/wp\/v2\/posts\/5990","targetHints":{"allow":["GET"]}}],"collection":[{"href":"https:\/\/agora.xtec.cat\/ceipsab\/wp-json\/wp\/v2\/posts"}],"about":[{"href":"https:\/\/agora.xtec.cat\/ceipsab\/wp-json\/wp\/v2\/types\/post"}],"author":[{"embeddable":true,"href":"https:\/\/agora.xtec.cat\/ceipsab\/wp-json\/wp\/v2\/users\/1"}],"replies":[{"embeddable":true,"href":"https:\/\/agora.xtec.cat\/ceipsab\/wp-json\/wp\/v2\/comments?post=5990"}],"version-history":[{"count":1,"href":"https:\/\/agora.xtec.cat\/ceipsab\/wp-json\/wp\/v2\/posts\/5990\/revisions"}],"predecessor-version":[{"id":5993,"href":"https:\/\/agora.xtec.cat\/ceipsab\/wp-json\/wp\/v2\/posts\/5990\/revisions\/5993"}],"wp:featuredmedia":[{"embeddable":true,"href":"https:\/\/agora.xtec.cat\/ceipsab\/wp-json\/wp\/v2\/media\/5994"}],"wp:attachment":[{"href":"https:\/\/agora.xtec.cat\/ceipsab\/wp-json\/wp\/v2\/media?parent=5990"}],"wp:term":[{"taxonomy":"category","embeddable":true,"href":"https:\/\/agora.xtec.cat\/ceipsab\/wp-json\/wp\/v2\/categories?post=5990"},{"taxonomy":"post_tag","embeddable":true,"href":"https:\/\/agora.xtec.cat\/ceipsab\/wp-json\/wp\/v2\/tags?post=5990"}],"curies":[{"name":"wp","href":"https:\/\/api.w.org\/{rel}","templated":true}]}}