{"id":5942,"date":"2020-04-27T19:41:16","date_gmt":"2020-04-27T17:41:16","guid":{"rendered":"http:\/\/agora.xtec.cat\/ceipsab\/?p=5942"},"modified":"2020-04-28T20:24:40","modified_gmt":"2020-04-28T18:24:40","slug":"poema-de-sant-jordi","status":"publish","type":"post","link":"https:\/\/agora.xtec.cat\/ceipsab\/educacio-infantil\/p5\/general\/poema-de-sant-jordi\/","title":{"rendered":"POEMA DE SANT JORDI"},"content":{"rendered":"<p>Hola fam\u00edlies!<br \/>\nAquests dies de confinament, els nens i les nenes de P5, hem apr\u00e8s un poema de Sant Jordi.<\/p>\n<p>Us deixem un v\u00eddeo perqu\u00e8 pugueu veure qu\u00e8 b\u00e9 que ens el sabem!<\/p>\n<p>Una abra\u00e7ada a tothom!<\/p>\n<p><iframe loading=\"lazy\" title=\"Poema de Sant Jordi P5\" width=\"500\" height=\"281\" src=\"https:\/\/www.youtube.com\/embed\/CLnnyJMHcvo?feature=oembed\" frameborder=\"0\" allow=\"accelerometer; autoplay; clipboard-write; encrypted-media; gyroscope; picture-in-picture; web-share\" referrerpolicy=\"strict-origin-when-cross-origin\" allowfullscreen><\/iframe><\/p>\n<p>&nbsp;<\/p>\n<p>&nbsp;<\/p>\n","protected":false},"excerpt":{"rendered":"<p>Hola fam\u00edlies!<br \/>\nAquests dies de confinament, els nens i les nenes de P5, hem apr\u00e8s un poema de Sant Jordi.<br \/>\nUs deixem un v\u00eddeo perqu\u00e8 pugueu veure qu\u00e8 b\u00e9 que ens el sabem!<br \/>\nUna abra\u00e7ada a tothom!<\/p>\n<p>&nbsp;<br \/>\n&nbsp;<\/p>\n","protected":false},"author":1,"featured_media":5943,"comment_status":"open","ping_status":"closed","sticky":false,"template":"","format":"standard","meta":{"_bbp_topic_count":0,"_bbp_reply_count":0,"_bbp_total_topic_count":0,"_bbp_total_reply_count":0,"_bbp_voice_count":0,"_bbp_anonymous_reply_count":0,"_bbp_topic_count_hidden":0,"_bbp_reply_count_hidden":0,"_bbp_forum_subforum_count":0,"footnotes":""},"categories":[62,1,9,4],"tags":[],"class_list":["post-5942","post","type-post","status-publish","format-standard","has-post-thumbnail","hentry","category-educacio-infantil","category-general","category-p5","category-portada"],"post_mailing_queue_ids":[],"_links":{"self":[{"href":"https:\/\/agora.xtec.cat\/ceipsab\/wp-json\/wp\/v2\/posts\/5942","targetHints":{"allow":["GET"]}}],"collection":[{"href":"https:\/\/agora.xtec.cat\/ceipsab\/wp-json\/wp\/v2\/posts"}],"about":[{"href":"https:\/\/agora.xtec.cat\/ceipsab\/wp-json\/wp\/v2\/types\/post"}],"author":[{"embeddable":true,"href":"https:\/\/agora.xtec.cat\/ceipsab\/wp-json\/wp\/v2\/users\/1"}],"replies":[{"embeddable":true,"href":"https:\/\/agora.xtec.cat\/ceipsab\/wp-json\/wp\/v2\/comments?post=5942"}],"version-history":[{"count":2,"href":"https:\/\/agora.xtec.cat\/ceipsab\/wp-json\/wp\/v2\/posts\/5942\/revisions"}],"predecessor-version":[{"id":5955,"href":"https:\/\/agora.xtec.cat\/ceipsab\/wp-json\/wp\/v2\/posts\/5942\/revisions\/5955"}],"wp:featuredmedia":[{"embeddable":true,"href":"https:\/\/agora.xtec.cat\/ceipsab\/wp-json\/wp\/v2\/media\/5943"}],"wp:attachment":[{"href":"https:\/\/agora.xtec.cat\/ceipsab\/wp-json\/wp\/v2\/media?parent=5942"}],"wp:term":[{"taxonomy":"category","embeddable":true,"href":"https:\/\/agora.xtec.cat\/ceipsab\/wp-json\/wp\/v2\/categories?post=5942"},{"taxonomy":"post_tag","embeddable":true,"href":"https:\/\/agora.xtec.cat\/ceipsab\/wp-json\/wp\/v2\/tags?post=5942"}],"curies":[{"name":"wp","href":"https:\/\/api.w.org\/{rel}","templated":true}]}}