{"id":5939,"date":"2020-04-27T16:27:17","date_gmt":"2020-04-27T14:27:17","guid":{"rendered":"http:\/\/agora.xtec.cat\/ceipsab\/?p=5939"},"modified":"2020-04-27T16:27:24","modified_gmt":"2020-04-27T14:27:24","slug":"el-repte-del-spiderman-repte-5","status":"publish","type":"post","link":"https:\/\/agora.xtec.cat\/ceipsab\/portada\/el-repte-del-spiderman-repte-5\/","title":{"rendered":"EL REPTE DEL SPIDERMAN (REPTE 5)"},"content":{"rendered":"<p>El nostre amic Spiderman arriba aquesta setmana proposant-vos com a repte que li ensenyeu quin \u00e9s el vostre conte preferit i perqu\u00e8 us agrada tant. Ell us ensenya el seu conte preferit i espera veure amb curiositat quins s\u00f3n els vostres! Hi ha molts tipus de contes i amb personatges ben diferents, a veure com \u00e9s el vostre? Atreveix-te i ensenya&#8217;ns amb gr\u00e0cia el teu!<\/p>\n<p>envia&#8217;ns el teu v\u00eddeo a:<\/p>\n<p>elreptedelasetmanap3@esab.cat<\/p>\n<p>elreptedelasetmanap4@esab.cat<\/p>\n<p>elreptedelasetmanap5<span class=\"atwho-query\">@esab.cat<\/span><\/p>\n<p><iframe loading=\"lazy\" title=\"EL REPTE DEL SPIDERMAN (REPTE 5)\" width=\"500\" height=\"281\" src=\"https:\/\/www.youtube.com\/embed\/kLBqOb1W7JM?feature=oembed\" frameborder=\"0\" allow=\"accelerometer; autoplay; clipboard-write; encrypted-media; gyroscope; picture-in-picture; web-share\" referrerpolicy=\"strict-origin-when-cross-origin\" allowfullscreen><\/iframe><\/p>\n","protected":false},"excerpt":{"rendered":"<p>El nostre amic Spiderman arriba aquesta setmana proposant-vos com a repte que li ensenyeu quin \u00e9s el vostre conte preferit i perqu\u00e8 us agrada tant. Ell us ensenya el seu conte preferit i espera veure amb curiositat quins s\u00f3n els vostres! Hi ha molts tipus&hellip;  <a href=\"https:\/\/agora.xtec.cat\/ceipsab\/portada\/el-repte-del-spiderman-repte-5\/\" title=\"Read EL REPTE DEL SPIDERMAN (REPTE 5)\">Llegeix m\u00e9s\u00bb<\/a><\/p>\n","protected":false},"author":1,"featured_media":5941,"comment_status":"open","ping_status":"closed","sticky":false,"template":"","format":"standard","meta":{"_bbp_topic_count":0,"_bbp_reply_count":0,"_bbp_total_topic_count":0,"_bbp_total_reply_count":0,"_bbp_voice_count":0,"_bbp_anonymous_reply_count":0,"_bbp_topic_count_hidden":0,"_bbp_reply_count_hidden":0,"_bbp_forum_subforum_count":0,"footnotes":""},"categories":[62,4],"tags":[],"class_list":["post-5939","post","type-post","status-publish","format-standard","has-post-thumbnail","hentry","category-educacio-infantil","category-portada"],"post_mailing_queue_ids":[],"_links":{"self":[{"href":"https:\/\/agora.xtec.cat\/ceipsab\/wp-json\/wp\/v2\/posts\/5939","targetHints":{"allow":["GET"]}}],"collection":[{"href":"https:\/\/agora.xtec.cat\/ceipsab\/wp-json\/wp\/v2\/posts"}],"about":[{"href":"https:\/\/agora.xtec.cat\/ceipsab\/wp-json\/wp\/v2\/types\/post"}],"author":[{"embeddable":true,"href":"https:\/\/agora.xtec.cat\/ceipsab\/wp-json\/wp\/v2\/users\/1"}],"replies":[{"embeddable":true,"href":"https:\/\/agora.xtec.cat\/ceipsab\/wp-json\/wp\/v2\/comments?post=5939"}],"version-history":[{"count":1,"href":"https:\/\/agora.xtec.cat\/ceipsab\/wp-json\/wp\/v2\/posts\/5939\/revisions"}],"predecessor-version":[{"id":5940,"href":"https:\/\/agora.xtec.cat\/ceipsab\/wp-json\/wp\/v2\/posts\/5939\/revisions\/5940"}],"wp:featuredmedia":[{"embeddable":true,"href":"https:\/\/agora.xtec.cat\/ceipsab\/wp-json\/wp\/v2\/media\/5941"}],"wp:attachment":[{"href":"https:\/\/agora.xtec.cat\/ceipsab\/wp-json\/wp\/v2\/media?parent=5939"}],"wp:term":[{"taxonomy":"category","embeddable":true,"href":"https:\/\/agora.xtec.cat\/ceipsab\/wp-json\/wp\/v2\/categories?post=5939"},{"taxonomy":"post_tag","embeddable":true,"href":"https:\/\/agora.xtec.cat\/ceipsab\/wp-json\/wp\/v2\/tags?post=5939"}],"curies":[{"name":"wp","href":"https:\/\/api.w.org\/{rel}","templated":true}]}}