{"id":5555,"date":"2020-03-30T23:09:47","date_gmt":"2020-03-30T21:09:47","guid":{"rendered":"http:\/\/agora.xtec.cat\/ceipsab\/?p=5555"},"modified":"2020-03-30T23:09:47","modified_gmt":"2020-03-30T21:09:47","slug":"nens-i-nenes-que-superen-el-repte-1-del-spiderman","status":"publish","type":"post","link":"https:\/\/agora.xtec.cat\/ceipsab\/portada\/nens-i-nenes-que-superen-el-repte-1-del-spiderman\/","title":{"rendered":"NENS I NENES QUE SUPEREN EL REPTE 1 DEL SPIDERMAN"},"content":{"rendered":"<p>No ha estat f\u00e0cil, tenim els millors nens i nenes d&#8217;educaci\u00f3 infantil que han aconseguit superar el primer repte de la manera m\u00e9s sana possible. Seran capa\u00e7os d&#8217;afrontar el repte 2 de la setmana, o seuran al sof\u00e0 a mirar com els m\u00e9s valents i valentes ho aconsegueixen?<br \/>\nAnimat com el Spiderman i passa de la manera m\u00e9s divertida aquest confinament!<\/p>\n<p><iframe loading=\"lazy\" title=\"NENS I NENES QUE SUPEREN EL REPTE 1 DEL SPIDERMAN\" width=\"500\" height=\"281\" src=\"https:\/\/www.youtube.com\/embed\/6LHlMNPOssY?start=1&#038;feature=oembed\" frameborder=\"0\" allow=\"accelerometer; autoplay; clipboard-write; encrypted-media; gyroscope; picture-in-picture; web-share\" referrerpolicy=\"strict-origin-when-cross-origin\" allowfullscreen><\/iframe><\/p>\n","protected":false},"excerpt":{"rendered":"<p>No ha estat f\u00e0cil, tenim els millors nens i nenes d&#8217;educaci\u00f3 infantil que han aconseguit superar el primer repte de la manera m\u00e9s sana possible. Seran capa\u00e7os d&#8217;afrontar el repte 2 de la setmana, o seuran al sof\u00e0 a mirar com els m\u00e9s valents i&hellip;  <a href=\"https:\/\/agora.xtec.cat\/ceipsab\/portada\/nens-i-nenes-que-superen-el-repte-1-del-spiderman\/\" title=\"Read NENS I NENES QUE SUPEREN EL REPTE 1 DEL SPIDERMAN\">Llegeix m\u00e9s\u00bb<\/a><\/p>\n","protected":false},"author":1,"featured_media":5557,"comment_status":"open","ping_status":"closed","sticky":false,"template":"","format":"standard","meta":{"_bbp_topic_count":0,"_bbp_reply_count":0,"_bbp_total_topic_count":0,"_bbp_total_reply_count":0,"_bbp_voice_count":0,"_bbp_anonymous_reply_count":0,"_bbp_topic_count_hidden":0,"_bbp_reply_count_hidden":0,"_bbp_forum_subforum_count":0,"footnotes":""},"categories":[62,4],"tags":[],"class_list":["post-5555","post","type-post","status-publish","format-standard","has-post-thumbnail","hentry","category-educacio-infantil","category-portada"],"post_mailing_queue_ids":[],"_links":{"self":[{"href":"https:\/\/agora.xtec.cat\/ceipsab\/wp-json\/wp\/v2\/posts\/5555","targetHints":{"allow":["GET"]}}],"collection":[{"href":"https:\/\/agora.xtec.cat\/ceipsab\/wp-json\/wp\/v2\/posts"}],"about":[{"href":"https:\/\/agora.xtec.cat\/ceipsab\/wp-json\/wp\/v2\/types\/post"}],"author":[{"embeddable":true,"href":"https:\/\/agora.xtec.cat\/ceipsab\/wp-json\/wp\/v2\/users\/1"}],"replies":[{"embeddable":true,"href":"https:\/\/agora.xtec.cat\/ceipsab\/wp-json\/wp\/v2\/comments?post=5555"}],"version-history":[{"count":1,"href":"https:\/\/agora.xtec.cat\/ceipsab\/wp-json\/wp\/v2\/posts\/5555\/revisions"}],"predecessor-version":[{"id":5556,"href":"https:\/\/agora.xtec.cat\/ceipsab\/wp-json\/wp\/v2\/posts\/5555\/revisions\/5556"}],"wp:featuredmedia":[{"embeddable":true,"href":"https:\/\/agora.xtec.cat\/ceipsab\/wp-json\/wp\/v2\/media\/5557"}],"wp:attachment":[{"href":"https:\/\/agora.xtec.cat\/ceipsab\/wp-json\/wp\/v2\/media?parent=5555"}],"wp:term":[{"taxonomy":"category","embeddable":true,"href":"https:\/\/agora.xtec.cat\/ceipsab\/wp-json\/wp\/v2\/categories?post=5555"},{"taxonomy":"post_tag","embeddable":true,"href":"https:\/\/agora.xtec.cat\/ceipsab\/wp-json\/wp\/v2\/tags?post=5555"}],"curies":[{"name":"wp","href":"https:\/\/api.w.org\/{rel}","templated":true}]}}