{"id":5444,"date":"2020-03-25T16:09:41","date_gmt":"2020-03-25T15:09:41","guid":{"rendered":"http:\/\/agora.xtec.cat\/ceipsab\/?p=5444"},"modified":"2020-03-25T20:07:23","modified_gmt":"2020-03-25T19:07:23","slug":"que-el-confinament-no-ens-tregui-el-somriure","status":"publish","type":"post","link":"https:\/\/agora.xtec.cat\/ceipsab\/portada\/que-el-confinament-no-ens-tregui-el-somriure\/","title":{"rendered":"A 2n QUE EL CONFINAMENT NO ENS TREGUI EL SOMRIURE (LES NOSTRES FOTOS)"},"content":{"rendered":"<p>Nens i nenes de segon.<\/p>\n<p>Aquests dies s\u00f3n una mica rollo, perque no podem sortir al carrer, no podem jugar al parc, ni podem estar amb els nostres amics i amigues&#8230;<\/p>\n<p>Per\u00f2 la SIlvia i el Manel hem pensat que tot i\u00a0 que estiguem a casa hem de buscar la manera per poder-nos veure i passar-ho b\u00e9 igual que ho fem a l&#8217;escola.<\/p>\n<p>D&#8217;aquesta manera us anirem enviant reptes per a que els aneu fent a casa. I el m\u00e9s important, \u00e9s que despr\u00e9s ho anirem penjant al bloc, de tal manera que ens podran veure els altres companys i companyes. Ser\u00e0 una manera divertida de veure&#8217;ns la cara i\u00a0 riure&#8217;ns una mica tots junts i juntes.<\/p>\n<p>I aqui tenim el primer repte que us vam demanar. Era molt senzill. Ens hav\u00edeu d&#8217;enviar fotos vostres fent coses a casa.<\/p>\n<p><strong>Hem rebut algunes fotos per\u00f2 encara volem veure m\u00e9s cares. Aix\u00ed que no deixeu d&#8217;enviar-nos m\u00e9s fotos i nosaltres les anirem penjant al bloc.<\/strong><\/p>\n<p><em><strong>I dem\u00e0 estigueu atents i atentes al mail perque us arribar\u00e0 el segon repte.<\/strong><\/em><\/p>\n<p>Una abra\u00e7ada molt forta a tots i totes.<\/p>\n<p>Ens veiem dintre de poc.<\/p>\n<p><a href=\"https:\/\/photos.app.goo.gl\/nqVfU2S3fQfzwZ4g7\"><img loading=\"lazy\" decoding=\"async\" class=\"size-full wp-image-5445 aligncenter\" src=\"https:\/\/agora.xtec.cat\/ceipsab\/wp-content\/uploads\/usu1011\/2020\/03\/amor-y-amistad-102.jpg\" alt=\"\" width=\"283\" height=\"283\" srcset=\"https:\/\/agora.xtec.cat\/ceipsab\/wp-content\/uploads\/usu1011\/2020\/03\/amor-y-amistad-102.jpg 283w, https:\/\/agora.xtec.cat\/ceipsab\/wp-content\/uploads\/usu1011\/2020\/03\/amor-y-amistad-102-150x150.jpg 150w\" sizes=\"auto, (max-width: 283px) 100vw, 283px\" \/><\/a><\/p>\n","protected":false},"excerpt":{"rendered":"<p>Nens i nenes de segon.<br \/>\nAquests dies s\u00f3n una mica rollo, perque no podem sortir al carrer, no podem jugar al parc, ni podem estar amb els nostres amics i amigues&#8230;<br \/>\nPer\u00f2 la SIlvia i el Manel hem pensat que tot i\u00a0 que estiguem a casa hem&hellip;  <a href=\"https:\/\/agora.xtec.cat\/ceipsab\/portada\/que-el-confinament-no-ens-tregui-el-somriure\/\" title=\"Read A 2n QUE EL CONFINAMENT NO ENS TREGUI EL SOMRIURE (LES NOSTRES FOTOS)\">Llegeix m\u00e9s\u00bb<\/a><\/p>\n","protected":false},"author":1,"featured_media":5446,"comment_status":"open","ping_status":"closed","sticky":false,"template":"","format":"standard","meta":{"_bbp_topic_count":0,"_bbp_reply_count":0,"_bbp_total_topic_count":0,"_bbp_total_reply_count":0,"_bbp_voice_count":0,"_bbp_anonymous_reply_count":0,"_bbp_topic_count_hidden":0,"_bbp_reply_count_hidden":0,"_bbp_forum_subforum_count":0,"footnotes":""},"categories":[11,63,5,4],"tags":[],"class_list":["post-5444","post","type-post","status-publish","format-standard","has-post-thumbnail","hentry","category-2n","category-cicle-inicial","category-primaria","category-portada"],"post_mailing_queue_ids":[],"_links":{"self":[{"href":"https:\/\/agora.xtec.cat\/ceipsab\/wp-json\/wp\/v2\/posts\/5444","targetHints":{"allow":["GET"]}}],"collection":[{"href":"https:\/\/agora.xtec.cat\/ceipsab\/wp-json\/wp\/v2\/posts"}],"about":[{"href":"https:\/\/agora.xtec.cat\/ceipsab\/wp-json\/wp\/v2\/types\/post"}],"author":[{"embeddable":true,"href":"https:\/\/agora.xtec.cat\/ceipsab\/wp-json\/wp\/v2\/users\/1"}],"replies":[{"embeddable":true,"href":"https:\/\/agora.xtec.cat\/ceipsab\/wp-json\/wp\/v2\/comments?post=5444"}],"version-history":[{"count":3,"href":"https:\/\/agora.xtec.cat\/ceipsab\/wp-json\/wp\/v2\/posts\/5444\/revisions"}],"predecessor-version":[{"id":5454,"href":"https:\/\/agora.xtec.cat\/ceipsab\/wp-json\/wp\/v2\/posts\/5444\/revisions\/5454"}],"wp:featuredmedia":[{"embeddable":true,"href":"https:\/\/agora.xtec.cat\/ceipsab\/wp-json\/wp\/v2\/media\/5446"}],"wp:attachment":[{"href":"https:\/\/agora.xtec.cat\/ceipsab\/wp-json\/wp\/v2\/media?parent=5444"}],"wp:term":[{"taxonomy":"category","embeddable":true,"href":"https:\/\/agora.xtec.cat\/ceipsab\/wp-json\/wp\/v2\/categories?post=5444"},{"taxonomy":"post_tag","embeddable":true,"href":"https:\/\/agora.xtec.cat\/ceipsab\/wp-json\/wp\/v2\/tags?post=5444"}],"curies":[{"name":"wp","href":"https:\/\/api.w.org\/{rel}","templated":true}]}}