{"id":5433,"date":"2020-03-25T13:29:58","date_gmt":"2020-03-25T12:29:58","guid":{"rendered":"http:\/\/agora.xtec.cat\/ceipsab\/?p=5433"},"modified":"2020-03-25T13:29:58","modified_gmt":"2020-03-25T12:29:58","slug":"el-supermercat-barcartic-obre-les-seves-portes","status":"publish","type":"post","link":"https:\/\/agora.xtec.cat\/ceipsab\/educacio-infantil\/p5\/general\/el-supermercat-barcartic-obre-les-seves-portes\/","title":{"rendered":"EL SUPERMERCAT BARC\u00c0RTIC OBRE LES SEVES PORTES !!!"},"content":{"rendered":"<p>El supermercat Barc\u00e0rtic s&#8217;incopora a les activitats que es porten a terme a segon de prim\u00e0ria de l&#8217;escola. Fa dies que els i les alumnes vam estar treballant i formar-nos per poder crear un supermercat que ens permet\u00e9s aprendre moltes coses de manera m\u00e9s divertida possible.<\/p>\n<p>Aix\u00ed abans d&#8217;obrir el s\u00faper vam demanar els productes als nostres proveidors\/es (moltes gr\u00e0cies a les fam\u00edlies que es van implicar molt en aquest projecte portant-nos productes preparats per col.locarlos a les estanteries ). Vam haver de classificar aquest productes segons fossin menjars, begudes, productes de neteja&#8230;.abans de poder organitzar les nostres prestatgeries.<\/p>\n<p>A l&#8217;\u00e0rea de mates vam estar treballant les monedes. Calia que sapigu\u00e8ssim quin preu tenia lo que vol\u00edem comprar, i que la persona que fes de caixera o caixer no s&#8217;equivoqu\u00e9s en el canvi. No era f\u00e0cil , per\u00f2 vam treballar molt per aconseguir-ho. A m\u00e9s a m\u00e9s els mestres no ens deixaven pagar amb tarjeta de cr\u00e8dit o sigui que hav\u00edem de saber contar les monedes.<\/p>\n<p>I una vegada que ja ho ten\u00ecem tot, ens faltava una cosa moooooolt important&#8230;EL NOM DEL SUPERMERCAT.<\/p>\n<p>Tots els supermercats tenen un nom i un logo que tothom reconeix. Des de l&#8217;\u00e0rea de catal\u00e0 vam estar mirant els noms i logos dels supermercats que tothom coneix i que ens trobem pel carrer : Mercadona, Carrefour, Bon Preu, Condis&#8230;.<\/p>\n<p>Aix\u00ed des de cada aula i treballant en grups de 4 vam proposar diferents noms i logos. Cada classe va decidir quin era el que m\u00e9s el hi agradava i vam fer una reuni\u00f3 conjunta entre les dues classes de segon per decidir finalment quin seria el nom que far\u00edem servir.<\/p>\n<p>A segon A va sortir el nom de SUPERMERCAT \u00c0RTIC mentres que a segon B va sorit el nom de SUPERMERCAT LA BARCA. Finalment els i les alumnes van decidir que en lloc de triar un nom podr\u00edem buscar un que sort\u00eds de la uni\u00f3 de les dues propostes. Va ser una decidi\u00f3 molt encertada i que ens va agradar molt.<\/p>\n<p>Aix\u00ed va n\u00e8ixer el :<\/p>\n<p style=\"text-align: center\">\u00a0<strong>SUPERMERCAT BARC\u00c0RTIC<\/strong><\/p>\n<p style=\"text-align: center\"><strong>\u00a0<\/strong><\/p>\n<p>i\u00a0 tamb\u00e9 va apar\u00e8ixer el nostre logo com a uni\u00f3 de les propostes de les dues classes.<\/p>\n<p>Aix\u00ed que si cliqueu al logo del SUPERMERCAT BARC\u00c0RTIC podeu veure els primers dies de treball. Esperem que el podem gaudir molt m\u00e9s quan tornem al cole.<\/p>\n<p style=\"text-align: center\"><a href=\"https:\/\/photos.app.goo.gl\/twy54TaZg4ULYV5d8\"><img loading=\"lazy\" decoding=\"async\" class=\"alignnone size-full wp-image-5434\" src=\"https:\/\/agora.xtec.cat\/ceipsab\/wp-content\/uploads\/usu1011\/2020\/03\/logo.jpg\" alt=\"\" width=\"453\" height=\"423\" srcset=\"https:\/\/agora.xtec.cat\/ceipsab\/wp-content\/uploads\/usu1011\/2020\/03\/logo.jpg 453w, https:\/\/agora.xtec.cat\/ceipsab\/wp-content\/uploads\/usu1011\/2020\/03\/logo-300x280.jpg 300w\" sizes=\"auto, (max-width: 453px) 100vw, 453px\" \/><\/a><\/p>\n<p>&nbsp;<\/p>\n","protected":false},"excerpt":{"rendered":"<p>El supermercat Barc\u00e0rtic s&#8217;incopora a les activitats que es porten a terme a segon de prim\u00e0ria de l&#8217;escola. Fa dies que els i les alumnes vam estar treballant i formar-nos per poder crear un supermercat que ens permet\u00e9s aprendre moltes coses de manera m\u00e9s divertida&hellip;  <a href=\"https:\/\/agora.xtec.cat\/ceipsab\/educacio-infantil\/p5\/general\/el-supermercat-barcartic-obre-les-seves-portes\/\" title=\"Read EL SUPERMERCAT BARC\u00c0RTIC OBRE LES SEVES PORTES !!!\">Llegeix m\u00e9s\u00bb<\/a><\/p>\n","protected":false},"author":1,"featured_media":5434,"comment_status":"open","ping_status":"closed","sticky":false,"template":"","format":"standard","meta":{"_bbp_topic_count":0,"_bbp_reply_count":0,"_bbp_total_topic_count":0,"_bbp_total_reply_count":0,"_bbp_voice_count":0,"_bbp_anonymous_reply_count":0,"_bbp_topic_count_hidden":0,"_bbp_reply_count_hidden":0,"_bbp_forum_subforum_count":0,"footnotes":""},"categories":[11,63,5,1,4],"tags":[],"class_list":["post-5433","post","type-post","status-publish","format-standard","has-post-thumbnail","hentry","category-2n","category-cicle-inicial","category-primaria","category-general","category-portada"],"post_mailing_queue_ids":[],"_links":{"self":[{"href":"https:\/\/agora.xtec.cat\/ceipsab\/wp-json\/wp\/v2\/posts\/5433","targetHints":{"allow":["GET"]}}],"collection":[{"href":"https:\/\/agora.xtec.cat\/ceipsab\/wp-json\/wp\/v2\/posts"}],"about":[{"href":"https:\/\/agora.xtec.cat\/ceipsab\/wp-json\/wp\/v2\/types\/post"}],"author":[{"embeddable":true,"href":"https:\/\/agora.xtec.cat\/ceipsab\/wp-json\/wp\/v2\/users\/1"}],"replies":[{"embeddable":true,"href":"https:\/\/agora.xtec.cat\/ceipsab\/wp-json\/wp\/v2\/comments?post=5433"}],"version-history":[{"count":2,"href":"https:\/\/agora.xtec.cat\/ceipsab\/wp-json\/wp\/v2\/posts\/5433\/revisions"}],"predecessor-version":[{"id":5436,"href":"https:\/\/agora.xtec.cat\/ceipsab\/wp-json\/wp\/v2\/posts\/5433\/revisions\/5436"}],"wp:featuredmedia":[{"embeddable":true,"href":"https:\/\/agora.xtec.cat\/ceipsab\/wp-json\/wp\/v2\/media\/5434"}],"wp:attachment":[{"href":"https:\/\/agora.xtec.cat\/ceipsab\/wp-json\/wp\/v2\/media?parent=5433"}],"wp:term":[{"taxonomy":"category","embeddable":true,"href":"https:\/\/agora.xtec.cat\/ceipsab\/wp-json\/wp\/v2\/categories?post=5433"},{"taxonomy":"post_tag","embeddable":true,"href":"https:\/\/agora.xtec.cat\/ceipsab\/wp-json\/wp\/v2\/tags?post=5433"}],"curies":[{"name":"wp","href":"https:\/\/api.w.org\/{rel}","templated":true}]}}