{"id":5358,"date":"2020-03-17T17:52:42","date_gmt":"2020-03-17T16:52:42","guid":{"rendered":"http:\/\/agora.xtec.cat\/ceipsab\/?p=5358"},"modified":"2020-03-18T05:38:12","modified_gmt":"2020-03-18T04:38:12","slug":"dies-de-confinament","status":"publish","type":"post","link":"https:\/\/agora.xtec.cat\/ceipsab\/portada\/dies-de-confinament\/","title":{"rendered":"DIES DE CONFINAMENT"},"content":{"rendered":"<div><span style=\"font-weight: 400; font-family: arial, helvetica, sans-serif;\">Benvolgudes fam\u00edlies,<\/span><\/div>\n<div><\/div>\n<div><\/div>\n<p><span style=\"font-weight: 400; font-family: arial, helvetica, sans-serif;\">Ens trobem en un moment d&#8217;alerta sense precedents i com sabeu, ens hem de confinar a les nostres llars pel b\u00e9 de tota la ciutadania.<\/span><\/p>\n<div><\/div>\n<p><span style=\"font-weight: 400; font-family: arial, helvetica, sans-serif;\">L\u2019equip de mestres sentim un buit immens, e<\/span><span style=\"font-weight: 400; font-family: arial, helvetica, sans-serif;\">nyorem obrir les portes als nostres alumnes, el soroll de les aules, la m\u00fasica amb ells i el desenvolupament les activitats. <\/span> <span style=\"font-weight: 400; font-family: arial, helvetica, sans-serif;\">No ho haur\u00edem dit mai, per\u00f2 enyorem la rutina.<\/span><\/p>\n<div><\/div>\n<p><span style=\"font-weight: 400; font-family: arial, helvetica, sans-serif;\">Tenir l&#8217;escola tancada \u00e9s molt dur, estrany i davant del panorama incert, emocionalment trist.<\/span><\/p>\n<div><\/div>\n<div><span style=\"font-weight: 400; font-family: arial, helvetica, sans-serif;\">Aquests dies, com molts de vosaltres, treballarem coordinades\/ts des de casa.<\/span><\/div>\n<div><\/div>\n<div><span style=\"font-weight: 400; font-family: arial, helvetica, sans-serif;\">Enviarem propostes per a que pugueu portar el confinament de la millor manera possible.<\/span><\/div>\n<div><\/div>\n<div><span style=\"font-weight: 400; font-family: arial, helvetica, sans-serif;\">Us adjuntem en pdf tots els materials que hem preparat.<\/span><\/div>\n<div><\/div>\n<div><span style=\"font-weight: 400; font-family: arial, helvetica, sans-serif;\">I us afegim tot seguit altres adreces d&#8217;inter\u00e8s:<\/span><\/div>\n<div><span style=\"font-weight: 400; font-family: arial, helvetica, sans-serif;\">\u00a0<\/span><\/div>\n<div>\n<div><span style=\"font-family: arial, helvetica, sans-serif;\"><a href=\"http:\/\/www.edu365.cat\/\">http:\/\/www.edu365.cat\/<\/a>\u00a0<\/span><\/div>\n<p><span style=\"font-family: arial, helvetica, sans-serif;\">\u00a0<\/span><\/p>\n<div><span style=\"font-family: arial, helvetica, sans-serif;\"><a href=\"http:\/\/xtec.gencat.cat\/ca\/inici\/\">http:\/\/xtec.gencat.cat\/ca\/inici\/<\/a><\/span><\/div>\n<p><span style=\"font-weight: 400; font-family: arial, helvetica, sans-serif;\"><br \/>\n<a href=\"https:\/\/innovamat.com\/blog\/ca\/recursos-2n-de-primaria\/\"><span style=\"font-weight: 400;\"><span style=\"font-family: arial, helvetica, sans-serif;\">https:\/\/innovamat.com\/blog\/ca\/recursos-2n-de-primaria\/<\/span><\/span><\/a> <\/span><\/p>\n<\/div>\n<div><\/div>\n<div><span style=\"font-weight: 400; font-family: arial, helvetica, sans-serif;\">De part de tots nosaltres una abra\u00e7ada molt forta. <\/span><\/div>\n<div><\/div>\n<p><span style=\"font-weight: 400; font-family: arial, helvetica, sans-serif;\">Cuideu-vos molt!!!!<\/span><\/p>\n<div><\/div>\n<div><span style=\"font-family: arial, helvetica, sans-serif;\">Equip de mestres<\/span><\/div>\n<div><\/div>\n<h5><\/h5>\n<h5><span style=\"color: #00ff00;\">EDUCACI\u00d3 INFANTIL:\u00a0<\/span><\/h5>\n<ul>\n<li><a href=\"https:\/\/agora.xtec.cat\/ceipsab\/wp-content\/uploads\/usu1011\/2020\/03\/INF-Educaci\u00f3-Infantil-Propostes-i-activitats.pdf\" target=\"_blank\" rel=\"noopener noreferrer\">Recomanacions d&#8217;activitats i propostes<\/a><\/li>\n<li><a href=\"https:\/\/agora.xtec.cat\/ceipsab\/wp-content\/uploads\/usu1011\/2020\/03\/INF-2-Educaci\u00f3-Infantil-Recursos.pdf\" target=\"_blank\" rel=\"noopener noreferrer\">Recursos interessants<\/a><\/li>\n<\/ul>\n<h5><span style=\"color: #f71511;\"><strong>CICLE INICIAL:<\/strong><\/span><\/h5>\n<ul>\n<li><a href=\"https:\/\/agora.xtec.cat\/ceipsab\/wp-content\/uploads\/usu1011\/2020\/03\/1r-TASQUES.pdf\" target=\"_blank\" rel=\"noopener noreferrer\">1r<\/a><\/li>\n<li><a href=\"https:\/\/agora.xtec.cat\/ceipsab\/wp-content\/uploads\/usu1011\/2020\/03\/2n-TASQUES.pdf\" target=\"_blank\" rel=\"noopener noreferrer\">2n<\/a><\/li>\n<\/ul>\n<h5><span style=\"color: #cc99ff;\"><strong>CICLE MITJ\u00c0:<\/strong><\/span><\/h5>\n<ul>\n<li><a href=\"https:\/\/agora.xtec.cat\/ceipsab\/wp-content\/uploads\/usu1011\/2020\/03\/3r-i-4rt-TASQUES.pdf\" target=\"_blank\" rel=\"noopener noreferrer\">3r i 4t<\/a><\/li>\n<\/ul>\n<h5><a href=\"https:\/\/agora.xtec.cat\/ceipsab\/wp-content\/uploads\/usu1011\/2020\/03\/5\u00e8-TASQUES.pdf\" target=\"_blank\" rel=\"noopener noreferrer\"><span style=\"color: #0000ff;\"><strong>CICLE SUPERIOR:<\/strong><\/span><\/a><\/h5>\n<ul>\n<li><a href=\"https:\/\/agora.xtec.cat\/ceipsab\/wp-content\/uploads\/usu1011\/2020\/03\/5\u00e8-TASQUES.pdf\" target=\"_blank\" rel=\"noopener noreferrer\">5\u00e8<\/a><\/li>\n<li><a href=\"https:\/\/agora.xtec.cat\/ceipsab\/wp-content\/uploads\/usu1011\/2020\/03\/6\u00e8-TASQUES.pdf\" target=\"_blank\" rel=\"noopener noreferrer\">6\u00e8<\/a><\/li>\n<\/ul>\n<h5><span style=\"color: #00ccff;\"><strong><a style=\"color: #00ccff;\" href=\"https:\/\/agora.xtec.cat\/ceipsab\/wp-content\/uploads\/usu1011\/2020\/03\/M\u00daSICA-TASQUES.pdf\" target=\"_blank\" rel=\"noopener noreferrer\">M\u00daSICA<\/a>\u00a0<\/strong><\/span><\/h5>\n<h5><a href=\"https:\/\/agora.xtec.cat\/ceipsab\/wp-content\/uploads\/usu1011\/2020\/03\/ANGL\u00c8S-TASQUES-Llengua-anglesa-de-1r-a-6\u00e8-de-prim\u00e0ria.pdf\" target=\"_blank\" rel=\"noopener noreferrer\"><span style=\"color: #edbe13;\"><strong>ANGL\u00c9S<\/strong><\/span><\/a><\/h5>\n<h5><a href=\"https:\/\/agora.xtec.cat\/ceipsab\/wp-content\/uploads\/usu1011\/2020\/03\/EDUCACI\u00d3-F\u00cdSICA-TASQUES.pdf\" target=\"_blank\" rel=\"noopener noreferrer\"><span style=\"color: #a10a37;\"><strong>EDUCACI\u00d3 F\u00cdSICA<\/strong><\/span><\/a><\/h5>\n<h5><span style=\"color: #339966;\"><a style=\"color: #339966;\" href=\"https:\/\/agora.xtec.cat\/ceipsab\/wp-content\/uploads\/usu1011\/2020\/03\/EduClan.pdf-1.pdf\" target=\"_blank\" rel=\"noopener noreferrer\">EduClan<\/a><\/span><\/h5>\n","protected":false},"excerpt":{"rendered":"<p>Benvolgudes fam\u00edlies,<\/p>\n<p>Ens trobem en un moment d&#8217;alerta sense precedents i com sabeu, ens hem de confinar a les nostres llars pel b\u00e9 de tota la ciutadania.<\/p>\n<p>L\u2019equip de mestres sentim un buit immens, enyorem obrir les portes als nostres alumnes, el soroll de les aules, la&hellip;  <a href=\"https:\/\/agora.xtec.cat\/ceipsab\/portada\/dies-de-confinament\/\" title=\"Read DIES DE CONFINAMENT\">Llegeix m\u00e9s\u00bb<\/a><\/p>\n","protected":false},"author":3,"featured_media":0,"comment_status":"open","ping_status":"closed","sticky":false,"template":"","format":"standard","meta":{"_bbp_topic_count":0,"_bbp_reply_count":0,"_bbp_total_topic_count":0,"_bbp_total_reply_count":0,"_bbp_voice_count":0,"_bbp_anonymous_reply_count":0,"_bbp_topic_count_hidden":0,"_bbp_reply_count_hidden":0,"_bbp_forum_subforum_count":0,"footnotes":""},"categories":[63,64,65,62,5,59,4],"tags":[],"class_list":["post-5358","post","type-post","status-publish","format-standard","hentry","category-cicle-inicial","category-cicle-mitja","category-cicle-superior","category-educacio-infantil","category-primaria","category-english-corner","category-portada"],"post_mailing_queue_ids":[],"_links":{"self":[{"href":"https:\/\/agora.xtec.cat\/ceipsab\/wp-json\/wp\/v2\/posts\/5358","targetHints":{"allow":["GET"]}}],"collection":[{"href":"https:\/\/agora.xtec.cat\/ceipsab\/wp-json\/wp\/v2\/posts"}],"about":[{"href":"https:\/\/agora.xtec.cat\/ceipsab\/wp-json\/wp\/v2\/types\/post"}],"author":[{"embeddable":true,"href":"https:\/\/agora.xtec.cat\/ceipsab\/wp-json\/wp\/v2\/users\/3"}],"replies":[{"embeddable":true,"href":"https:\/\/agora.xtec.cat\/ceipsab\/wp-json\/wp\/v2\/comments?post=5358"}],"version-history":[{"count":3,"href":"https:\/\/agora.xtec.cat\/ceipsab\/wp-json\/wp\/v2\/posts\/5358\/revisions"}],"predecessor-version":[{"id":5393,"href":"https:\/\/agora.xtec.cat\/ceipsab\/wp-json\/wp\/v2\/posts\/5358\/revisions\/5393"}],"wp:attachment":[{"href":"https:\/\/agora.xtec.cat\/ceipsab\/wp-json\/wp\/v2\/media?parent=5358"}],"wp:term":[{"taxonomy":"category","embeddable":true,"href":"https:\/\/agora.xtec.cat\/ceipsab\/wp-json\/wp\/v2\/categories?post=5358"},{"taxonomy":"post_tag","embeddable":true,"href":"https:\/\/agora.xtec.cat\/ceipsab\/wp-json\/wp\/v2\/tags?post=5358"}],"curies":[{"name":"wp","href":"https:\/\/api.w.org\/{rel}","templated":true}]}}