{"id":5337,"date":"2020-03-17T16:47:18","date_gmt":"2020-03-17T15:47:18","guid":{"rendered":"http:\/\/agora.xtec.cat\/ceipsab\/?p=5337"},"modified":"2020-05-28T15:54:45","modified_gmt":"2020-05-28T13:54:45","slug":"portes-obertes-preinscripcio-2020","status":"publish","type":"post","link":"https:\/\/agora.xtec.cat\/ceipsab\/portada\/portes-obertes-preinscripcio-2020\/","title":{"rendered":"PORTES OBERTES-PREINSCRIPCI\u00d3 2020"},"content":{"rendered":"<p><span style=\"font-weight: 400;\">Benvolgudes fam\u00edlies,<\/span><\/p>\n<p><span style=\"font-weight: 400;\">Donades les circumst\u00e0ncies excepcionals actuals, i com a conseq\u00fc\u00e8ncia del tancament dels centres,\u00a0<\/span><span style=\"font-weight: 400;\">us animem a visualitzar i con\u00e8ixer la nostra escola mitjan\u00e7ant un v\u00eddeo amb diferents activitats que realitzen els infants al llarg del curs.\u00a0\u00a0<\/span><\/p>\n<p><span style=\"font-weight: 400;\">Aquelles fam\u00edlies que vulgueu con\u00e8ixer el nostre projecte i el nostre centre, podeu visitar el nostre bloc i\/o enviar-nos per correu els vostres dubtes a l\u2019adre\u00e7a <a href=\"mailto:escolasab@xtex.cat\">a8060848@xtex.cat<\/a><\/span><\/p>\n<h4 style=\"text-align: center;\"><a href=\"https:\/\/youtu.be\/UI9Z32z5r2s\" target=\"_blank\" rel=\"noopener noreferrer\"><strong><span style=\"color: #ff0000;\">V\u00cdDEO PRESENTACI\u00d3 DE LA NOSTRA ESCOLA<\/span><\/strong><\/a><\/h4>\n<h4 style=\"text-align: center;\"><a href=\"https:\/\/agora.xtec.cat\/ceipsab\/wp-content\/uploads\/usu1011\/2020\/03\/Triptic-Sant-Andreu-A4-2020-nou.pdf\" target=\"_blank\" rel=\"noopener noreferrer\"><strong><span style=\"color: #993366;\">INFORMACIONS D\u2019INTER\u00c8S<\/span><\/strong><\/a><\/h4>\n<h4 style=\"text-align: center;\"><a href=\"https:\/\/agora.xtec.cat\/ceipsab\/wp-content\/uploads\/usu1011\/2020\/03\/EL-NOSTRE-PROJECTE-EDUCATIU.pdf\" target=\"_blank\" rel=\"noopener noreferrer\"><span style=\"color: #ffcc00;\"><strong>EXPLICACI\u00d3 DEL PROJECTE EDUCATIU<\/strong><\/span><\/a><\/h4>\n<h4 style=\"text-align: center;\"><a href=\"https:\/\/agora.xtec.cat\/ceipsab\/wp-content\/uploads\/usu1011\/2020\/03\/EDUCACI\u00d3-PRIM\u00c0RIA-.pdf\" target=\"_blank\" rel=\"noopener noreferrer\"><span style=\"color: #ff6600;\"><strong>EDUCACI\u00d3 PRIM\u00c0RIA<\/strong><\/span><\/a><\/h4>\n<h4 style=\"text-align: center;\"><a href=\"https:\/\/agora.xtec.cat\/ceipsab\/wp-content\/uploads\/usu1011\/2020\/03\/C\u00f2pia-de-Tr\u00edptic-Portes-Obertes-1-1.pdf\" target=\"_blank\" rel=\"noopener noreferrer\"><span style=\"color: #00ff00;\"><strong>EDUCACI\u00d3 INFANTIL<\/strong><\/span><\/a><\/h4>\n<h5 style=\"text-align: center;\"><strong><span style=\"color: #000080;\"><a style=\"color: #000080;\" href=\"http:\/\/queestudiar.gencat.cat\/ca\/preinscripcio\/\"><br \/>\n<\/a><\/span><\/strong><strong><span style=\"color: #000080;\"><a style=\"color: #000080;\" href=\"http:\/\/queestudiar.gencat.cat\/ca\/preinscripcio\/\">PREINSCRIPCI\u00d3 2020-2021<\/a><\/span><\/strong><\/h5>\n<p>&nbsp;<\/p>\n<p>&nbsp;<\/p>\n","protected":false},"excerpt":{"rendered":"<p>Benvolgudes fam\u00edlies,<br \/>\nDonades les circumst\u00e0ncies excepcionals actuals, i com a conseq\u00fc\u00e8ncia del tancament dels centres,\u00a0us animem a visualitzar i con\u00e8ixer la nostra escola mitjan\u00e7ant un v\u00eddeo amb diferents activitats que realitzen els infants al llarg del curs.\u00a0\u00a0<br \/>\nAquelles fam\u00edlies que vulgueu con\u00e8ixer el nostre projecte i el&hellip;  <a href=\"https:\/\/agora.xtec.cat\/ceipsab\/portada\/portes-obertes-preinscripcio-2020\/\" title=\"Read PORTES OBERTES-PREINSCRIPCI\u00d3 2020\">Llegeix m\u00e9s\u00bb<\/a><\/p>\n","protected":false},"author":3,"featured_media":0,"comment_status":"open","ping_status":"closed","sticky":false,"template":"","format":"standard","meta":{"_bbp_topic_count":0,"_bbp_reply_count":0,"_bbp_total_topic_count":0,"_bbp_total_reply_count":0,"_bbp_voice_count":0,"_bbp_anonymous_reply_count":0,"_bbp_topic_count_hidden":0,"_bbp_reply_count_hidden":0,"_bbp_forum_subforum_count":0,"footnotes":""},"categories":[4],"tags":[],"class_list":["post-5337","post","type-post","status-publish","format-standard","hentry","category-portada"],"post_mailing_queue_ids":[],"_links":{"self":[{"href":"https:\/\/agora.xtec.cat\/ceipsab\/wp-json\/wp\/v2\/posts\/5337","targetHints":{"allow":["GET"]}}],"collection":[{"href":"https:\/\/agora.xtec.cat\/ceipsab\/wp-json\/wp\/v2\/posts"}],"about":[{"href":"https:\/\/agora.xtec.cat\/ceipsab\/wp-json\/wp\/v2\/types\/post"}],"author":[{"embeddable":true,"href":"https:\/\/agora.xtec.cat\/ceipsab\/wp-json\/wp\/v2\/users\/3"}],"replies":[{"embeddable":true,"href":"https:\/\/agora.xtec.cat\/ceipsab\/wp-json\/wp\/v2\/comments?post=5337"}],"version-history":[{"count":3,"href":"https:\/\/agora.xtec.cat\/ceipsab\/wp-json\/wp\/v2\/posts\/5337\/revisions"}],"predecessor-version":[{"id":6153,"href":"https:\/\/agora.xtec.cat\/ceipsab\/wp-json\/wp\/v2\/posts\/5337\/revisions\/6153"}],"wp:attachment":[{"href":"https:\/\/agora.xtec.cat\/ceipsab\/wp-json\/wp\/v2\/media?parent=5337"}],"wp:term":[{"taxonomy":"category","embeddable":true,"href":"https:\/\/agora.xtec.cat\/ceipsab\/wp-json\/wp\/v2\/categories?post=5337"},{"taxonomy":"post_tag","embeddable":true,"href":"https:\/\/agora.xtec.cat\/ceipsab\/wp-json\/wp\/v2\/tags?post=5337"}],"curies":[{"name":"wp","href":"https:\/\/api.w.org\/{rel}","templated":true}]}}