{"id":5297,"date":"2020-03-03T11:31:33","date_gmt":"2020-03-03T10:31:33","guid":{"rendered":"http:\/\/agora.xtec.cat\/ceipsab\/?p=5297"},"modified":"2020-03-03T11:31:33","modified_gmt":"2020-03-03T10:31:33","slug":"equip-lector-de-cicle-mitja","status":"publish","type":"post","link":"https:\/\/agora.xtec.cat\/ceipsab\/portada\/equip-lector-de-cicle-mitja\/","title":{"rendered":"EQUIP LECTOR DE CICLE MITJ\u00c0"},"content":{"rendered":"<p>D&#8217;entre aquestes campiones i campions de la lectura de la nostra escola, un participar\u00e0 el proper 16 de mar\u00e7, a Martorell, en un competici\u00f3 de lectura amb alumnes d&#8217;altres escoles. A totes i totes els qui van participar li donem les gr\u00e0cies per l&#8217;esfor\u00e7, \u00e0nims i il\u00b7lusi\u00f3.<\/p>\n<p>Per veure els i les participants en aquest equip de lectura, cliqueu a la seg\u00fcent fotografia.<\/p>\n<p><a href=\"https:\/\/photos.app.goo.gl\/4p7DGej4YSrse1Bv9\"><img loading=\"lazy\" decoding=\"async\" class=\"alignnone size-full wp-image-5299\" src=\"https:\/\/agora.xtec.cat\/ceipsab\/wp-content\/uploads\/usu1011\/2020\/03\/baixa.jpg\" alt=\"\" width=\"290\" height=\"174\" \/><\/a><\/p>\n","protected":false},"excerpt":{"rendered":"<p>D&#8217;entre aquestes campiones i campions de la lectura de la nostra escola, un participar\u00e0 el proper 16 de mar\u00e7, a Martorell, en un competici\u00f3 de lectura amb alumnes d&#8217;altres escoles. A totes i totes els qui van participar li donem les gr\u00e0cies per l&#8217;esfor\u00e7, \u00e0nims&hellip;  <a href=\"https:\/\/agora.xtec.cat\/ceipsab\/portada\/equip-lector-de-cicle-mitja\/\" title=\"Read EQUIP LECTOR DE CICLE MITJ\u00c0\">Llegeix m\u00e9s\u00bb<\/a><\/p>\n","protected":false},"author":1,"featured_media":5299,"comment_status":"open","ping_status":"closed","sticky":false,"template":"","format":"standard","meta":{"_bbp_topic_count":0,"_bbp_reply_count":0,"_bbp_total_topic_count":0,"_bbp_total_reply_count":0,"_bbp_voice_count":0,"_bbp_anonymous_reply_count":0,"_bbp_topic_count_hidden":0,"_bbp_reply_count_hidden":0,"_bbp_forum_subforum_count":0,"footnotes":""},"categories":[12,13,64,5,4],"tags":[104,213,214],"class_list":["post-5297","post","type-post","status-publish","format-standard","has-post-thumbnail","hentry","category-3r","category-4t","category-cicle-mitja","category-primaria","category-portada","tag-ciclemitja","tag-lectura","tag-llibres"],"post_mailing_queue_ids":[],"_links":{"self":[{"href":"https:\/\/agora.xtec.cat\/ceipsab\/wp-json\/wp\/v2\/posts\/5297","targetHints":{"allow":["GET"]}}],"collection":[{"href":"https:\/\/agora.xtec.cat\/ceipsab\/wp-json\/wp\/v2\/posts"}],"about":[{"href":"https:\/\/agora.xtec.cat\/ceipsab\/wp-json\/wp\/v2\/types\/post"}],"author":[{"embeddable":true,"href":"https:\/\/agora.xtec.cat\/ceipsab\/wp-json\/wp\/v2\/users\/1"}],"replies":[{"embeddable":true,"href":"https:\/\/agora.xtec.cat\/ceipsab\/wp-json\/wp\/v2\/comments?post=5297"}],"version-history":[{"count":1,"href":"https:\/\/agora.xtec.cat\/ceipsab\/wp-json\/wp\/v2\/posts\/5297\/revisions"}],"predecessor-version":[{"id":5300,"href":"https:\/\/agora.xtec.cat\/ceipsab\/wp-json\/wp\/v2\/posts\/5297\/revisions\/5300"}],"wp:featuredmedia":[{"embeddable":true,"href":"https:\/\/agora.xtec.cat\/ceipsab\/wp-json\/wp\/v2\/media\/5299"}],"wp:attachment":[{"href":"https:\/\/agora.xtec.cat\/ceipsab\/wp-json\/wp\/v2\/media?parent=5297"}],"wp:term":[{"taxonomy":"category","embeddable":true,"href":"https:\/\/agora.xtec.cat\/ceipsab\/wp-json\/wp\/v2\/categories?post=5297"},{"taxonomy":"post_tag","embeddable":true,"href":"https:\/\/agora.xtec.cat\/ceipsab\/wp-json\/wp\/v2\/tags?post=5297"}],"curies":[{"name":"wp","href":"https:\/\/api.w.org\/{rel}","templated":true}]}}