{"id":5270,"date":"2020-02-27T15:59:53","date_gmt":"2020-02-27T14:59:53","guid":{"rendered":"http:\/\/agora.xtec.cat\/ceipsab\/?p=5270"},"modified":"2020-02-27T15:59:53","modified_gmt":"2020-02-27T14:59:53","slug":"comencem-a-treballar-lartista-antoni-gaudi","status":"publish","type":"post","link":"https:\/\/agora.xtec.cat\/ceipsab\/educacio-infantil\/p5\/comencem-a-treballar-lartista-antoni-gaudi\/","title":{"rendered":"COMENCEM A TREBALLAR L&#8217;ARTISTA ANTONI GAUD\u00cd"},"content":{"rendered":"<p>Hola fam\u00edlies!<\/p>\n<p>Com ja sabeu a l&#8217;escola cada any treballem un artista important i aprenem moltes coses. Aquest curs de P5 coneixerem a l&#8217;arquitecte Antoni Gaud\u00ed i ens interessarem per la seva obra. Aquestes setmanes hem comen\u00e7at a aprendre moltes coses sobre la seva vida, i fins i tot ens hem atrevit a fer les nostres pr\u00f2pies produccions.<\/p>\n<p>Ens voleu veure?<\/p>\n<p><a href=\"https:\/\/photos.app.goo.gl\/Xq2QaP336kUeoSjp7\"><img loading=\"lazy\" decoding=\"async\" class=\"\" src=\"https:\/\/lh3.googleusercontent.com\/J7KOwRa8IQTIR3BJuWozVpG8oHZa5fENlwthxmXG6IIC97_x7qO6rfPKqWltm307EO0ZOf8BgmpfXw1cNzKmQxBZts57Y0CblQiZr9jUIJL4OC1_TWWoYFfxPSqLsp11ARxg5xZjSvuVV_FTUV8bsvh0ZpTZv0CH3XkqkjV2YbPsk2RjWn-a8ZZkB4PDwPbOI_wvxTpRsxlWtsb4EbwkkWdya98RjrHcB_vtngYgjoC2N2SvxMgoo1DDtIeOmH-5s5lRmlNr6hQdRtvmfz28OKoRGN3Az5i-x5uyearfMkkut5J1pehUaXPn-N0M0wKGyKf8EI6H0zhn_BFrNHrkS4X7p9F4VoCDAy2BAe8S0uv83voIMlOi_fTCB2l8SmU419F-p1Kl4G92RF7fTTG7tqhNpNK5tQkVVb9RJI5ujtU2bSDgKy-s2OFtmz4kdj5oBxZ8WYqPtBcHha0WuulTtFJM0Ah0KS9oBzbq6pabrDd6bgVjnUeRtyMPeLTQHDxJ3PU_06fgd3gEQQb1ulyX8qz-XB1rhx_ERMSL4uLAAUUDQydq9wMnXTOrFBeC7sgBqrLACtkWmpWrdHhMJUhIZmrqRIcgZghyhXGKNBnxwgfx3L3_7qS8xwQf-1hrBYzHXaeit5j4uv73Sy7GA5QtI8ZDKDUb3y0XBGPTmOnot1AqPOLR-hKmVNs=w811-h608-no\" width=\"323\" height=\"242\" \/><\/a><\/p>\n","protected":false},"excerpt":{"rendered":"<p>Hola fam\u00edlies!<br \/>\nCom ja sabeu a l&#8217;escola cada any treballem un artista important i aprenem moltes coses. Aquest curs de P5 coneixerem a l&#8217;arquitecte Antoni Gaud\u00ed i ens interessarem per la seva obra. Aquestes setmanes hem comen\u00e7at a aprendre moltes coses sobre la seva vida, i&hellip;  <a href=\"https:\/\/agora.xtec.cat\/ceipsab\/educacio-infantil\/p5\/comencem-a-treballar-lartista-antoni-gaudi\/\" title=\"Read COMENCEM A TREBALLAR L&#8217;ARTISTA ANTONI GAUD\u00cd\">Llegeix m\u00e9s\u00bb<\/a><\/p>\n","protected":false},"author":1,"featured_media":5271,"comment_status":"open","ping_status":"closed","sticky":false,"template":"","format":"standard","meta":{"_bbp_topic_count":0,"_bbp_reply_count":0,"_bbp_total_topic_count":0,"_bbp_total_reply_count":0,"_bbp_voice_count":0,"_bbp_anonymous_reply_count":0,"_bbp_topic_count_hidden":0,"_bbp_reply_count_hidden":0,"_bbp_forum_subforum_count":0,"footnotes":""},"categories":[62,9],"tags":[],"class_list":["post-5270","post","type-post","status-publish","format-standard","has-post-thumbnail","hentry","category-educacio-infantil","category-p5"],"post_mailing_queue_ids":[],"_links":{"self":[{"href":"https:\/\/agora.xtec.cat\/ceipsab\/wp-json\/wp\/v2\/posts\/5270","targetHints":{"allow":["GET"]}}],"collection":[{"href":"https:\/\/agora.xtec.cat\/ceipsab\/wp-json\/wp\/v2\/posts"}],"about":[{"href":"https:\/\/agora.xtec.cat\/ceipsab\/wp-json\/wp\/v2\/types\/post"}],"author":[{"embeddable":true,"href":"https:\/\/agora.xtec.cat\/ceipsab\/wp-json\/wp\/v2\/users\/1"}],"replies":[{"embeddable":true,"href":"https:\/\/agora.xtec.cat\/ceipsab\/wp-json\/wp\/v2\/comments?post=5270"}],"version-history":[{"count":1,"href":"https:\/\/agora.xtec.cat\/ceipsab\/wp-json\/wp\/v2\/posts\/5270\/revisions"}],"predecessor-version":[{"id":5272,"href":"https:\/\/agora.xtec.cat\/ceipsab\/wp-json\/wp\/v2\/posts\/5270\/revisions\/5272"}],"wp:featuredmedia":[{"embeddable":true,"href":"https:\/\/agora.xtec.cat\/ceipsab\/wp-json\/wp\/v2\/media\/5271"}],"wp:attachment":[{"href":"https:\/\/agora.xtec.cat\/ceipsab\/wp-json\/wp\/v2\/media?parent=5270"}],"wp:term":[{"taxonomy":"category","embeddable":true,"href":"https:\/\/agora.xtec.cat\/ceipsab\/wp-json\/wp\/v2\/categories?post=5270"},{"taxonomy":"post_tag","embeddable":true,"href":"https:\/\/agora.xtec.cat\/ceipsab\/wp-json\/wp\/v2\/tags?post=5270"}],"curies":[{"name":"wp","href":"https:\/\/api.w.org\/{rel}","templated":true}]}}