{"id":5267,"date":"2020-02-27T15:56:04","date_gmt":"2020-02-27T14:56:04","guid":{"rendered":"http:\/\/agora.xtec.cat\/ceipsab\/?p=5267"},"modified":"2020-02-27T15:56:04","modified_gmt":"2020-02-27T14:56:04","slug":"educacio-viaria-2","status":"publish","type":"post","link":"https:\/\/agora.xtec.cat\/ceipsab\/educacio-infantil\/p5\/educacio-viaria-2\/","title":{"rendered":"EDUCACI\u00d3 VI\u00c0RIA"},"content":{"rendered":"<p>Hola fam\u00edlies!<\/p>\n<p>El passat dimarts 25 de febrer els nens i nenes de P5 vam realitzar un taller d&#8217;educaci\u00f3 vi\u00e0ria a l&#8217;escola. L&#8217;Ajuntament de Sant Andreu de la Barca ens va proposar aquest taller i una psicol\u00f2ga va venir a la nostra classe per explicar-nos moltes coses. Vam recordar i aprendre moltes coses sobre com cal anar pel carrer i la import\u00e0ncia de mirar els sem\u00e0fors, cordar el cintur\u00f3&#8230;<\/p>\n<p>Ens voleu veure?<\/p>\n<p><a href=\"https:\/\/photos.app.goo.gl\/fPeaUjCPtSfyL6yd8\"><img loading=\"lazy\" decoding=\"async\" class=\"\" src=\"https:\/\/lh3.googleusercontent.com\/IbdsP3ebvo7ub0ZTLRNAdR85lsA4oCEduCby4XLylgR3rWxhP4vx_FQrJonEEkwuNhwpTrpbYFKGUCAwlx6TwRr8k6bdhlP80WuXD7-C_wNGxCtUAslVi_s9riQrcliXOrGr9YkdDMC1OhuATQUicdsX0Zt_GskxXr8aoAv18T50jULZ51fhpqrLJavBSRfxCE3PGNlcQietynSc9rDDf_G2hW7rVElH9K6kAv33gJoxboCWCq1FCgNjkh9kgZHMRbN6HlrYUlRgvUY1tJHWhqIre-3M7Fmes2pfo7ETWmQSckNF0r3YgfQwLFTQDoehq3jAHqfrP06iAGzCkXfOCZ7zcKbLwkUAQVZVJYthmWpOvRy9m-V6loLEc6QhieMXDYLascgP1CI476jY9qdN-LdD4o6R3qxCwBjZ_Q8rC4zpcT_sL9Il0DNOdX84Vwh_68CP4IWl-M9MYR629EBfXUaRwQjDfFy3Ir9LX2ho5mK9AUptwjL5WGLi8vXJe5XZBlhauwD9i8pgyw0-H2glqgG6GowReN5WUrNyK_sdNVc7fLAfPr0wrtoEbYcMqvUv4VbI3JmtDuyl7eTGaHb8VtUGboin3ygZRmfbg5y3aU9cnXIjtbVFNG4cOZNy6VHKdz4oLfxSEgQuZNw1_T2OnZKeiiSBmmN0BNgBx7t1rdGZ8dWt6xp2OSM=w811-h608-no\" width=\"312\" height=\"234\" \/><\/a><\/p>\n<p>&nbsp;<\/p>\n","protected":false},"excerpt":{"rendered":"<p>Hola fam\u00edlies!<br \/>\nEl passat dimarts 25 de febrer els nens i nenes de P5 vam realitzar un taller d&#8217;educaci\u00f3 vi\u00e0ria a l&#8217;escola. L&#8217;Ajuntament de Sant Andreu de la Barca ens va proposar aquest taller i una psicol\u00f2ga va venir a la nostra classe per explicar-nos moltes&hellip;  <a href=\"https:\/\/agora.xtec.cat\/ceipsab\/educacio-infantil\/p5\/educacio-viaria-2\/\" title=\"Read EDUCACI\u00d3 VI\u00c0RIA\">Llegeix m\u00e9s\u00bb<\/a><\/p>\n","protected":false},"author":1,"featured_media":5268,"comment_status":"open","ping_status":"closed","sticky":false,"template":"","format":"standard","meta":{"_bbp_topic_count":0,"_bbp_reply_count":0,"_bbp_total_topic_count":0,"_bbp_total_reply_count":0,"_bbp_voice_count":0,"_bbp_anonymous_reply_count":0,"_bbp_topic_count_hidden":0,"_bbp_reply_count_hidden":0,"_bbp_forum_subforum_count":0,"footnotes":""},"categories":[62,9],"tags":[],"class_list":["post-5267","post","type-post","status-publish","format-standard","has-post-thumbnail","hentry","category-educacio-infantil","category-p5"],"post_mailing_queue_ids":[],"_links":{"self":[{"href":"https:\/\/agora.xtec.cat\/ceipsab\/wp-json\/wp\/v2\/posts\/5267","targetHints":{"allow":["GET"]}}],"collection":[{"href":"https:\/\/agora.xtec.cat\/ceipsab\/wp-json\/wp\/v2\/posts"}],"about":[{"href":"https:\/\/agora.xtec.cat\/ceipsab\/wp-json\/wp\/v2\/types\/post"}],"author":[{"embeddable":true,"href":"https:\/\/agora.xtec.cat\/ceipsab\/wp-json\/wp\/v2\/users\/1"}],"replies":[{"embeddable":true,"href":"https:\/\/agora.xtec.cat\/ceipsab\/wp-json\/wp\/v2\/comments?post=5267"}],"version-history":[{"count":1,"href":"https:\/\/agora.xtec.cat\/ceipsab\/wp-json\/wp\/v2\/posts\/5267\/revisions"}],"predecessor-version":[{"id":5269,"href":"https:\/\/agora.xtec.cat\/ceipsab\/wp-json\/wp\/v2\/posts\/5267\/revisions\/5269"}],"wp:featuredmedia":[{"embeddable":true,"href":"https:\/\/agora.xtec.cat\/ceipsab\/wp-json\/wp\/v2\/media\/5268"}],"wp:attachment":[{"href":"https:\/\/agora.xtec.cat\/ceipsab\/wp-json\/wp\/v2\/media?parent=5267"}],"wp:term":[{"taxonomy":"category","embeddable":true,"href":"https:\/\/agora.xtec.cat\/ceipsab\/wp-json\/wp\/v2\/categories?post=5267"},{"taxonomy":"post_tag","embeddable":true,"href":"https:\/\/agora.xtec.cat\/ceipsab\/wp-json\/wp\/v2\/tags?post=5267"}],"curies":[{"name":"wp","href":"https:\/\/api.w.org\/{rel}","templated":true}]}}