{"id":5261,"date":"2020-02-27T13:05:34","date_gmt":"2020-02-27T12:05:34","guid":{"rendered":"http:\/\/agora.xtec.cat\/ceipsab\/?p=5261"},"modified":"2020-02-27T19:43:53","modified_gmt":"2020-02-27T18:43:53","slug":"infadimed","status":"publish","type":"post","link":"https:\/\/agora.xtec.cat\/ceipsab\/educacio-infantil\/p3\/infadimed\/","title":{"rendered":"INFADIMED"},"content":{"rendered":"<p>Hola fam\u00edlies!<\/p>\n<p>Una vegada al mes aproximadament als nens i a les nenes de P3 ens ve a visitar la infermera Clara. Ens ho passem d\u2019all\u00f2 m\u00e9s b\u00e9 perqu\u00e8 sempre ens explica moltes coses noves, el Capit\u00e0 Vitamines ens explica que hem de menjar moltes verdures i hortalisses i no hem de menjar llaminadures ni dol\u00e7os. A m\u00e9s, ens ensenya uns v\u00eddeos amb els quals ballem i cantem! Us deixem unes fotos perqu\u00e8 ens veieu.<\/p>\n<p><a href=\"https:\/\/photos.app.goo.gl\/n8kJKBxmoYzx3BCg9\"><img loading=\"lazy\" decoding=\"async\" class=\"alignnone size-full wp-image-5262\" src=\"https:\/\/agora.xtec.cat\/ceipsab\/wp-content\/uploads\/usu1011\/2020\/02\/descarga.jpg\" alt=\"\" width=\"228\" height=\"221\" \/><\/a><\/p>\n","protected":false},"excerpt":{"rendered":"<p>Hola fam\u00edlies!<br \/>\nUna vegada al mes aproximadament als nens i a les nenes de P3 ens ve a visitar la infermera Clara. Ens ho passem d\u2019all\u00f2 m\u00e9s b\u00e9 perqu\u00e8 sempre ens explica moltes coses noves, el Capit\u00e0 Vitamines ens explica que hem de menjar moltes verdures&hellip;  <a href=\"https:\/\/agora.xtec.cat\/ceipsab\/educacio-infantil\/p3\/infadimed\/\" title=\"Read INFADIMED\">Llegeix m\u00e9s\u00bb<\/a><\/p>\n","protected":false},"author":1,"featured_media":5262,"comment_status":"open","ping_status":"closed","sticky":false,"template":"","format":"standard","meta":{"_bbp_topic_count":0,"_bbp_reply_count":0,"_bbp_total_topic_count":0,"_bbp_total_reply_count":0,"_bbp_voice_count":0,"_bbp_anonymous_reply_count":0,"_bbp_topic_count_hidden":0,"_bbp_reply_count_hidden":0,"_bbp_forum_subforum_count":0,"footnotes":""},"categories":[62,3],"tags":[],"class_list":["post-5261","post","type-post","status-publish","format-standard","has-post-thumbnail","hentry","category-educacio-infantil","category-p3"],"post_mailing_queue_ids":[],"_links":{"self":[{"href":"https:\/\/agora.xtec.cat\/ceipsab\/wp-json\/wp\/v2\/posts\/5261","targetHints":{"allow":["GET"]}}],"collection":[{"href":"https:\/\/agora.xtec.cat\/ceipsab\/wp-json\/wp\/v2\/posts"}],"about":[{"href":"https:\/\/agora.xtec.cat\/ceipsab\/wp-json\/wp\/v2\/types\/post"}],"author":[{"embeddable":true,"href":"https:\/\/agora.xtec.cat\/ceipsab\/wp-json\/wp\/v2\/users\/1"}],"replies":[{"embeddable":true,"href":"https:\/\/agora.xtec.cat\/ceipsab\/wp-json\/wp\/v2\/comments?post=5261"}],"version-history":[{"count":2,"href":"https:\/\/agora.xtec.cat\/ceipsab\/wp-json\/wp\/v2\/posts\/5261\/revisions"}],"predecessor-version":[{"id":5276,"href":"https:\/\/agora.xtec.cat\/ceipsab\/wp-json\/wp\/v2\/posts\/5261\/revisions\/5276"}],"wp:featuredmedia":[{"embeddable":true,"href":"https:\/\/agora.xtec.cat\/ceipsab\/wp-json\/wp\/v2\/media\/5262"}],"wp:attachment":[{"href":"https:\/\/agora.xtec.cat\/ceipsab\/wp-json\/wp\/v2\/media?parent=5261"}],"wp:term":[{"taxonomy":"category","embeddable":true,"href":"https:\/\/agora.xtec.cat\/ceipsab\/wp-json\/wp\/v2\/categories?post=5261"},{"taxonomy":"post_tag","embeddable":true,"href":"https:\/\/agora.xtec.cat\/ceipsab\/wp-json\/wp\/v2\/tags?post=5261"}],"curies":[{"name":"wp","href":"https:\/\/api.w.org\/{rel}","templated":true}]}}