{"id":5236,"date":"2020-02-25T19:52:39","date_gmt":"2020-02-25T18:52:39","guid":{"rendered":"http:\/\/agora.xtec.cat\/ceipsab\/?p=5236"},"modified":"2020-02-25T19:52:39","modified_gmt":"2020-02-25T18:52:39","slug":"setmana-de-carnestoltes","status":"publish","type":"post","link":"https:\/\/agora.xtec.cat\/ceipsab\/educacio-infantil\/p5\/setmana-de-carnestoltes\/","title":{"rendered":"SETMANA DE CARNESTOLTES!"},"content":{"rendered":"<p>Hola fam\u00edlies!<\/p>\n<p>La setmana passada vam viure uns dies molt divertits a l&#8217;escola!<\/p>\n<p>Cada dia el Sr. Carnestoltes ens feia alguna broma a la classe! Ens ho vam passar molt b\u00e9!<\/p>\n<p>A m\u00e9s a m\u00e9s tamb\u00e9 ens donava unes consignes que hav\u00edem de portar cada dia: el pijama, la cara pintada, el cabell de colorins i la roba del rev\u00e8s! Imagineu quins dies!!!!<\/p>\n<p>Us deixem unes fotografies perqu\u00e8 ens pugueu veure!<\/p>\n<p><a href=\"https:\/\/photos.app.goo.gl\/VfX5fMf7QovhdyuW6\"><img loading=\"lazy\" decoding=\"async\" class=\"alignnone  wp-image-5195\" src=\"https:\/\/agora.xtec.cat\/ceipsab\/wp-content\/uploads\/usu1011\/2020\/02\/carnestoltes.jpg\" alt=\"\" width=\"242\" height=\"161\" srcset=\"https:\/\/agora.xtec.cat\/ceipsab\/wp-content\/uploads\/usu1011\/2020\/02\/carnestoltes.jpg 480w, https:\/\/agora.xtec.cat\/ceipsab\/wp-content\/uploads\/usu1011\/2020\/02\/carnestoltes-300x200.jpg 300w\" sizes=\"auto, (max-width: 242px) 100vw, 242px\" \/><\/a><\/p>\n<p>Tamb\u00e9 us deixem unes fotografies de la xocolatada que ens va oferir l&#8217;AMPA per celebrar la festa del Carnestoltes! Era bon\u00edssima!!!;-p<\/p>\n<p><a href=\"https:\/\/photos.app.goo.gl\/ForNmvZaW3JRoLQB6\"><img loading=\"lazy\" decoding=\"async\" class=\"\" src=\"https:\/\/lh3.googleusercontent.com\/mXtrVxkjqubPAymUHf3JLG1bqVH6ZoL0fo9sn9fmIftmFu8YT6pZJ7x6RntJMDouiq9ufqT-aLOA9g-nxDpkY_xJceY8BcFh0-IVJWqjsYiyym7nMbYk0c9uJbu58RxefTsEdm5i0w6hsFO6WntWu2VMIpid1dL7bXf0fJ3cliBaTT0XoM_GGpmmJTe_tBBwR0r-hDtjXpjN6QX3W4VddCC3u-YRQHmUJ5vm7kfpean5je2D6AOqoEMOQxgejXFLGRAdzMqA2CKXetlWOrNfuvqzVKhDSOWlH83JgMeg8BRMFGd8WMHNNw1B0YC-FuHOl-2mCyCb-wSMIg1ntClRhArWyZ7-x7JCB7mJofpQT4jgsiXHe5sAw1sZnq8zIF-jhLA9YDs3zsljM1Rj_PLDpMZMWAve4Jyuzt2jzMT8Tu24V-Uc5HT_8uhSEbWWZt0-HE-YeRavmIkIoOqacxpOviyRdt_jBsy8OG3VNLnVE7L-MIJPLzn7wHWDSHJbGsje293QM4UGbQiMZkqwTVWUtLEsOFEWqypzslzMRGfKl_uQyt5XA16z1wMEtkI2BmStmN3EdBhzuDKfugk-E4Cex-4JUt-JTvPjZXzG4e85RCWABBwGT82xTlsWTgWipYatZXSFRn0N6oKt008mwFT75ll4Ezmpx1pfx2jxvigCPBou9sH2hISJO0Y=w834-h625-no\" width=\"303\" height=\"227\" \/><\/a><\/p>\n<p>&nbsp;<\/p>\n","protected":false},"excerpt":{"rendered":"<p>Hola fam\u00edlies!<br \/>\nLa setmana passada vam viure uns dies molt divertits a l&#8217;escola!<br \/>\nCada dia el Sr. Carnestoltes ens feia alguna broma a la classe! Ens ho vam passar molt b\u00e9!<br \/>\nA m\u00e9s a m\u00e9s tamb\u00e9 ens donava unes consignes que hav\u00edem de portar cada dia: el pijama,&hellip;  <a href=\"https:\/\/agora.xtec.cat\/ceipsab\/educacio-infantil\/p5\/setmana-de-carnestoltes\/\" title=\"Read SETMANA DE CARNESTOLTES!\">Llegeix m\u00e9s\u00bb<\/a><\/p>\n","protected":false},"author":1,"featured_media":5195,"comment_status":"open","ping_status":"closed","sticky":false,"template":"","format":"standard","meta":{"_bbp_topic_count":0,"_bbp_reply_count":0,"_bbp_total_topic_count":0,"_bbp_total_reply_count":0,"_bbp_voice_count":0,"_bbp_anonymous_reply_count":0,"_bbp_topic_count_hidden":0,"_bbp_reply_count_hidden":0,"_bbp_forum_subforum_count":0,"footnotes":""},"categories":[62,9],"tags":[],"class_list":["post-5236","post","type-post","status-publish","format-standard","has-post-thumbnail","hentry","category-educacio-infantil","category-p5"],"post_mailing_queue_ids":[],"_links":{"self":[{"href":"https:\/\/agora.xtec.cat\/ceipsab\/wp-json\/wp\/v2\/posts\/5236","targetHints":{"allow":["GET"]}}],"collection":[{"href":"https:\/\/agora.xtec.cat\/ceipsab\/wp-json\/wp\/v2\/posts"}],"about":[{"href":"https:\/\/agora.xtec.cat\/ceipsab\/wp-json\/wp\/v2\/types\/post"}],"author":[{"embeddable":true,"href":"https:\/\/agora.xtec.cat\/ceipsab\/wp-json\/wp\/v2\/users\/1"}],"replies":[{"embeddable":true,"href":"https:\/\/agora.xtec.cat\/ceipsab\/wp-json\/wp\/v2\/comments?post=5236"}],"version-history":[{"count":1,"href":"https:\/\/agora.xtec.cat\/ceipsab\/wp-json\/wp\/v2\/posts\/5236\/revisions"}],"predecessor-version":[{"id":5237,"href":"https:\/\/agora.xtec.cat\/ceipsab\/wp-json\/wp\/v2\/posts\/5236\/revisions\/5237"}],"wp:featuredmedia":[{"embeddable":true,"href":"https:\/\/agora.xtec.cat\/ceipsab\/wp-json\/wp\/v2\/media\/5195"}],"wp:attachment":[{"href":"https:\/\/agora.xtec.cat\/ceipsab\/wp-json\/wp\/v2\/media?parent=5236"}],"wp:term":[{"taxonomy":"category","embeddable":true,"href":"https:\/\/agora.xtec.cat\/ceipsab\/wp-json\/wp\/v2\/categories?post=5236"},{"taxonomy":"post_tag","embeddable":true,"href":"https:\/\/agora.xtec.cat\/ceipsab\/wp-json\/wp\/v2\/tags?post=5236"}],"curies":[{"name":"wp","href":"https:\/\/api.w.org\/{rel}","templated":true}]}}