{"id":5130,"date":"2020-02-15T16:01:47","date_gmt":"2020-02-15T15:01:47","guid":{"rendered":"http:\/\/agora.xtec.cat\/ceipsab\/?p=5130"},"modified":"2020-02-15T16:01:47","modified_gmt":"2020-02-15T15:01:47","slug":"ja-ha-arribat-el-rei-carnestoltes-a-cicle-inicial","status":"publish","type":"post","link":"https:\/\/agora.xtec.cat\/ceipsab\/educacio-infantil\/p5\/general\/ja-ha-arribat-el-rei-carnestoltes-a-cicle-inicial\/","title":{"rendered":"Ja ha arribat el Rei Carnestoltes a Cicle Inicial"},"content":{"rendered":"<p>El divendres 14 vam tenir una visita molt esperada. Ens va venir a visitar el rei de la gresca i la disbauxa, ni m\u00e9s ni menys que el Rei Carnestoltes.<\/p>\n<p>Ens van avisar que ens esperava despr\u00e9s del pati a la sala de psico de l&#8217;escola. I aix\u00ed va ser, despr\u00e9s d&#8217;acabar el pati ens vam anar tots els nens i nens de\u00a0 primer i de segon a rebre&#8217;l com s&#8217;ho\u00a0 mereix.<\/p>\n<p>Ens vam posar els antifa\u00e7os que hav\u00edem fet per l&#8217;ocasi\u00f3 i vam anar a escoltar el preg\u00f3 que tenia preparat.<\/p>\n<p>Quan vam arribar ,quatre nens i nenes de sis\u00e8 , ens van llegir les consignes que el Rei Carnestoltes ens havia preparat. Eren molt divertides, dilluns amb pijama, bata i peluix, el dimarts amb la cara pintada, el dimecres amb la roba del rev\u00e9s, i el dijous amb un pentinat divertit o el cabell de colors , i el divendres amb la nostra disfressa preferida.<\/p>\n<p>Ser\u00e0 una setmana molt boja.<\/p>\n<p>&nbsp;<\/p>\n<p>VISCA EL CARNESTOLTES.<\/p>\n<p>&nbsp;<\/p>\n<p><a href=\"https:\/\/photos.app.goo.gl\/ULts5NGxV6xp1zz49\"><img loading=\"lazy\" decoding=\"async\" class=\"alignnone size-full wp-image-5131\" src=\"https:\/\/agora.xtec.cat\/ceipsab\/wp-content\/uploads\/usu1011\/2020\/02\/Sense-t\u00edtol.jpg\" alt=\"\" width=\"600\" height=\"400\" srcset=\"https:\/\/agora.xtec.cat\/ceipsab\/wp-content\/uploads\/usu1011\/2020\/02\/Sense-t\u00edtol.jpg 600w, https:\/\/agora.xtec.cat\/ceipsab\/wp-content\/uploads\/usu1011\/2020\/02\/Sense-t\u00edtol-300x200.jpg 300w\" sizes=\"auto, (max-width: 600px) 100vw, 600px\" \/><\/a><\/p>\n","protected":false},"excerpt":{"rendered":"<p>El divendres 14 vam tenir una visita molt esperada. Ens va venir a visitar el rei de la gresca i la disbauxa, ni m\u00e9s ni menys que el Rei Carnestoltes.<br \/>\nEns van avisar que ens esperava despr\u00e9s del pati a la sala de psico de l&#8217;escola.&hellip;  <a href=\"https:\/\/agora.xtec.cat\/ceipsab\/educacio-infantil\/p5\/general\/ja-ha-arribat-el-rei-carnestoltes-a-cicle-inicial\/\" title=\"Read Ja ha arribat el Rei Carnestoltes a Cicle Inicial\">Llegeix m\u00e9s\u00bb<\/a><\/p>\n","protected":false},"author":1,"featured_media":5131,"comment_status":"open","ping_status":"closed","sticky":false,"template":"","format":"standard","meta":{"_bbp_topic_count":0,"_bbp_reply_count":0,"_bbp_total_topic_count":0,"_bbp_total_reply_count":0,"_bbp_voice_count":0,"_bbp_anonymous_reply_count":0,"_bbp_topic_count_hidden":0,"_bbp_reply_count_hidden":0,"_bbp_forum_subforum_count":0,"footnotes":""},"categories":[10,11,63,5,1,4],"tags":[],"class_list":["post-5130","post","type-post","status-publish","format-standard","has-post-thumbnail","hentry","category-1r","category-2n","category-cicle-inicial","category-primaria","category-general","category-portada"],"post_mailing_queue_ids":[],"_links":{"self":[{"href":"https:\/\/agora.xtec.cat\/ceipsab\/wp-json\/wp\/v2\/posts\/5130","targetHints":{"allow":["GET"]}}],"collection":[{"href":"https:\/\/agora.xtec.cat\/ceipsab\/wp-json\/wp\/v2\/posts"}],"about":[{"href":"https:\/\/agora.xtec.cat\/ceipsab\/wp-json\/wp\/v2\/types\/post"}],"author":[{"embeddable":true,"href":"https:\/\/agora.xtec.cat\/ceipsab\/wp-json\/wp\/v2\/users\/1"}],"replies":[{"embeddable":true,"href":"https:\/\/agora.xtec.cat\/ceipsab\/wp-json\/wp\/v2\/comments?post=5130"}],"version-history":[{"count":1,"href":"https:\/\/agora.xtec.cat\/ceipsab\/wp-json\/wp\/v2\/posts\/5130\/revisions"}],"predecessor-version":[{"id":5132,"href":"https:\/\/agora.xtec.cat\/ceipsab\/wp-json\/wp\/v2\/posts\/5130\/revisions\/5132"}],"wp:featuredmedia":[{"embeddable":true,"href":"https:\/\/agora.xtec.cat\/ceipsab\/wp-json\/wp\/v2\/media\/5131"}],"wp:attachment":[{"href":"https:\/\/agora.xtec.cat\/ceipsab\/wp-json\/wp\/v2\/media?parent=5130"}],"wp:term":[{"taxonomy":"category","embeddable":true,"href":"https:\/\/agora.xtec.cat\/ceipsab\/wp-json\/wp\/v2\/categories?post=5130"},{"taxonomy":"post_tag","embeddable":true,"href":"https:\/\/agora.xtec.cat\/ceipsab\/wp-json\/wp\/v2\/tags?post=5130"}],"curies":[{"name":"wp","href":"https:\/\/api.w.org\/{rel}","templated":true}]}}