{"id":5066,"date":"2020-01-28T11:24:29","date_gmt":"2020-01-28T10:24:29","guid":{"rendered":"http:\/\/agora.xtec.cat\/ceipsab\/?p=5066"},"modified":"2020-01-28T11:24:29","modified_gmt":"2020-01-28T10:24:29","slug":"anem-al-liceu","status":"publish","type":"post","link":"https:\/\/agora.xtec.cat\/ceipsab\/educacio-infantil\/p5\/anem-al-liceu\/","title":{"rendered":"ANEM AL LICEU!"},"content":{"rendered":"<p>Hola fam\u00edlies!<\/p>\n<p>Ahir els nens i nenes de P5 vam anar al Gran Teatre del Liceu per a veure l&#8217;obra &#8220;Els m\u00fasics de Bremen&#8221;. El Liceu \u00e9s un teatre molt maco i ens va agradar molt\u00edssim!<\/p>\n<p>Ens voleu veure?<\/p>\n<p><a href=\"https:\/\/photos.app.goo.gl\/UhPrTj2kvE4auNJE6\"><img loading=\"lazy\" decoding=\"async\" class=\"\" src=\"https:\/\/lh3.googleusercontent.com\/zdEFilU3YnnxmgGU7GTfAcN1Y7QI5vt1zlKflWQKqHpCeRNSWpVWHYDTVb7AcRazNDTbo-dQxCTUeCz00yqjaIjkkPtBWcA9LtSG39exW2ILKcm2X_qbps9Ew39JqSgC6T6huDfj6BdDhg6uZN3gl2-CY3lU_i5YuFex4F3yR0iVfLo2KOGVbTWCRGO6zyWJ8Fxbzi1EN6Hs42vve_gAlAo4QUdM_KKQGVE_GfhjsKrM-n8eZdYUwi3jeAnxYf1qVjcrErRmy5QER6QUOo_Q2RPP9lIfxBJDgpgTDxO6SYmzOgCTgh8iyvVpOBaLnJOTz4fPb9lYstT1Ft0XZHXzhZ_tn57wx50BbAsshhuOLYqwcy2ORZG6FtoOTMtbqzxFGpb-zlYQuGVT6hC0WsZF_Hc5XHKn5AXA-O5dsJYASKTVdA860hR0jfGZoyOZYH9mUWDr6KgARKisCzfquMwl1QnZkRsII1fQe5yikftvaKkqeGPAs0BsNoEh9tHfNfkVWtEzqSPNxDNc0qNBpxgbCisUD7PP_oq83K_-prz3fzISft5rjDuER8Alb0Em4r-mpPn5ce3jAPQAn-aGVOVbQK9Y9UowJv__1v8sGcJKZeTEtVHmUrNY3aEhodiRoK7oQpnD3xGx0e4OfW6Hw-6yJ0G88nnBP6j0Wv9Asvqu6kORzAm76pY1xXM=w456-h608-no\" width=\"259\" height=\"345\" \/><\/a><\/p>\n","protected":false},"excerpt":{"rendered":"<p>Hola fam\u00edlies!<br \/>\nAhir els nens i nenes de P5 vam anar al Gran Teatre del Liceu per a veure l&#8217;obra &#8220;Els m\u00fasics de Bremen&#8221;. El Liceu \u00e9s un teatre molt maco i ens va agradar molt\u00edssim!<br \/>\nEns voleu veure?<br \/>\n<a href=\"https:\/\/photos.app.goo.gl\/UhPrTj2kvE4auNJE6\"><\/a><\/p>\n","protected":false},"author":1,"featured_media":5067,"comment_status":"open","ping_status":"closed","sticky":false,"template":"","format":"standard","meta":{"_bbp_topic_count":0,"_bbp_reply_count":0,"_bbp_total_topic_count":0,"_bbp_total_reply_count":0,"_bbp_voice_count":0,"_bbp_anonymous_reply_count":0,"_bbp_topic_count_hidden":0,"_bbp_reply_count_hidden":0,"_bbp_forum_subforum_count":0,"footnotes":""},"categories":[62,9],"tags":[],"class_list":["post-5066","post","type-post","status-publish","format-standard","has-post-thumbnail","hentry","category-educacio-infantil","category-p5"],"post_mailing_queue_ids":[],"_links":{"self":[{"href":"https:\/\/agora.xtec.cat\/ceipsab\/wp-json\/wp\/v2\/posts\/5066","targetHints":{"allow":["GET"]}}],"collection":[{"href":"https:\/\/agora.xtec.cat\/ceipsab\/wp-json\/wp\/v2\/posts"}],"about":[{"href":"https:\/\/agora.xtec.cat\/ceipsab\/wp-json\/wp\/v2\/types\/post"}],"author":[{"embeddable":true,"href":"https:\/\/agora.xtec.cat\/ceipsab\/wp-json\/wp\/v2\/users\/1"}],"replies":[{"embeddable":true,"href":"https:\/\/agora.xtec.cat\/ceipsab\/wp-json\/wp\/v2\/comments?post=5066"}],"version-history":[{"count":1,"href":"https:\/\/agora.xtec.cat\/ceipsab\/wp-json\/wp\/v2\/posts\/5066\/revisions"}],"predecessor-version":[{"id":5068,"href":"https:\/\/agora.xtec.cat\/ceipsab\/wp-json\/wp\/v2\/posts\/5066\/revisions\/5068"}],"wp:featuredmedia":[{"embeddable":true,"href":"https:\/\/agora.xtec.cat\/ceipsab\/wp-json\/wp\/v2\/media\/5067"}],"wp:attachment":[{"href":"https:\/\/agora.xtec.cat\/ceipsab\/wp-json\/wp\/v2\/media?parent=5066"}],"wp:term":[{"taxonomy":"category","embeddable":true,"href":"https:\/\/agora.xtec.cat\/ceipsab\/wp-json\/wp\/v2\/categories?post=5066"},{"taxonomy":"post_tag","embeddable":true,"href":"https:\/\/agora.xtec.cat\/ceipsab\/wp-json\/wp\/v2\/tags?post=5066"}],"curies":[{"name":"wp","href":"https:\/\/api.w.org\/{rel}","templated":true}]}}