{"id":5037,"date":"2020-01-21T11:18:13","date_gmt":"2020-01-21T10:18:13","guid":{"rendered":"http:\/\/agora.xtec.cat\/ceipsab\/?p=5037"},"modified":"2020-01-21T11:25:31","modified_gmt":"2020-01-21T10:25:31","slug":"els-alumnes-de-sise-visiten-el-museu-de-la-ciencia-de-terrassa","status":"publish","type":"post","link":"https:\/\/agora.xtec.cat\/ceipsab\/portada\/els-alumnes-de-sise-visiten-el-museu-de-la-ciencia-de-terrassa\/","title":{"rendered":"ELS ALUMNES DE SIS\u00c8 VISITEN EL MUSEU DE LA CI\u00c8NCIA DE TERRASSA."},"content":{"rendered":"<p><i><span style=\"font-weight: 400;\">Els alumnes de sis\u00e8\u00a0 van gaudir de dues exposicions; una sobre l\u2019energia i una altra del cos hum\u00e0<\/span><\/i><\/p>\n<p>El 6 de novembre, els alumnes de sis\u00e8 estaven molt emocionats perqu\u00e8 anaven a visitar el Museu de la Ci\u00e8ncia de Terrassa, museu on mai havien anat. All\u00e0 van descobrir que hi han molts tipus d\u2019energ\u00eda i que ha anat evolucionant durant la hist\u00f2ria Despr\u00e9s de veure l\u2019exposici\u00f3 de l\u2019energ\u00eda, van anar a una sala del cos hum\u00e0. En aquella sala es podia manipular quasi tot el que hi havia all\u00e0.<\/p>\n<p>A continuaci\u00f3 l\u2019alumnat de sis\u00e8 va anar a una exposici\u00f3 d\u2019ordinadors antics on hi havien ordinadors vells i nous i m\u00e0quines recreatives.<\/p>\n<p>Despr\u00e9s van passar l\u2019estona que quedava, a un parc que hi havia al costat del Museu. En el\u00a0 parc van dinar, van jugar i s\u2019ho van passar d\u2019all\u00f2 m\u00e9s b\u00e9!<\/p>\n<p>Va ser una sortida espectacular!<\/p>\n<p><a href=\"https:\/\/photos.app.goo.gl\/49xfCqmErsxbyhKNA\"><img loading=\"lazy\" decoding=\"async\" class=\"wp-image-5060 aligncenter\" src=\"https:\/\/agora.xtec.cat\/ceipsab\/wp-content\/uploads\/usu1011\/2020\/01\/descarga.jpg\" alt=\"\" width=\"347\" height=\"259\" srcset=\"https:\/\/agora.xtec.cat\/ceipsab\/wp-content\/uploads\/usu1011\/2020\/01\/descarga.jpg 850w, https:\/\/agora.xtec.cat\/ceipsab\/wp-content\/uploads\/usu1011\/2020\/01\/descarga-300x224.jpg 300w, https:\/\/agora.xtec.cat\/ceipsab\/wp-content\/uploads\/usu1011\/2020\/01\/descarga-768x574.jpg 768w, https:\/\/agora.xtec.cat\/ceipsab\/wp-content\/uploads\/usu1011\/2020\/01\/descarga-200x150.jpg 200w\" sizes=\"auto, (max-width: 347px) 100vw, 347px\" \/><\/a><\/p>\n<p>&nbsp;<\/p>\n","protected":false},"excerpt":{"rendered":"<p>Els alumnes de 6\u00e8 van passar el d\u00eda a un Museu de Terrassa i van dinar en un parc.<br \/>\n&hellip;  <a href=\"https:\/\/agora.xtec.cat\/ceipsab\/portada\/els-alumnes-de-sise-visiten-el-museu-de-la-ciencia-de-terrassa\/\" title=\"Read ELS ALUMNES DE SIS\u00c8 VISITEN EL MUSEU DE LA CI\u00c8NCIA DE TERRASSA.\">Llegeix m\u00e9s\u00bb<\/a><\/p>\n","protected":false},"author":39,"featured_media":5060,"comment_status":"open","ping_status":"closed","sticky":false,"template":"","format":"standard","meta":{"_bbp_topic_count":0,"_bbp_reply_count":0,"_bbp_total_topic_count":0,"_bbp_total_reply_count":0,"_bbp_voice_count":0,"_bbp_anonymous_reply_count":0,"_bbp_topic_count_hidden":0,"_bbp_reply_count_hidden":0,"_bbp_forum_subforum_count":0,"footnotes":""},"categories":[15,4],"tags":[206,16],"class_list":["post-5037","post","type-post","status-publish","format-standard","has-post-thumbnail","hentry","category-6e","category-portada","tag-cicle-superior","tag-sortides"],"post_mailing_queue_ids":[],"_links":{"self":[{"href":"https:\/\/agora.xtec.cat\/ceipsab\/wp-json\/wp\/v2\/posts\/5037","targetHints":{"allow":["GET"]}}],"collection":[{"href":"https:\/\/agora.xtec.cat\/ceipsab\/wp-json\/wp\/v2\/posts"}],"about":[{"href":"https:\/\/agora.xtec.cat\/ceipsab\/wp-json\/wp\/v2\/types\/post"}],"author":[{"embeddable":true,"href":"https:\/\/agora.xtec.cat\/ceipsab\/wp-json\/wp\/v2\/users\/39"}],"replies":[{"embeddable":true,"href":"https:\/\/agora.xtec.cat\/ceipsab\/wp-json\/wp\/v2\/comments?post=5037"}],"version-history":[{"count":3,"href":"https:\/\/agora.xtec.cat\/ceipsab\/wp-json\/wp\/v2\/posts\/5037\/revisions"}],"predecessor-version":[{"id":5061,"href":"https:\/\/agora.xtec.cat\/ceipsab\/wp-json\/wp\/v2\/posts\/5037\/revisions\/5061"}],"wp:featuredmedia":[{"embeddable":true,"href":"https:\/\/agora.xtec.cat\/ceipsab\/wp-json\/wp\/v2\/media\/5060"}],"wp:attachment":[{"href":"https:\/\/agora.xtec.cat\/ceipsab\/wp-json\/wp\/v2\/media?parent=5037"}],"wp:term":[{"taxonomy":"category","embeddable":true,"href":"https:\/\/agora.xtec.cat\/ceipsab\/wp-json\/wp\/v2\/categories?post=5037"},{"taxonomy":"post_tag","embeddable":true,"href":"https:\/\/agora.xtec.cat\/ceipsab\/wp-json\/wp\/v2\/tags?post=5037"}],"curies":[{"name":"wp","href":"https:\/\/api.w.org\/{rel}","templated":true}]}}