{"id":5021,"date":"2020-01-11T20:30:02","date_gmt":"2020-01-11T19:30:02","guid":{"rendered":"http:\/\/agora.xtec.cat\/ceipsab\/?p=5021"},"modified":"2020-01-11T20:32:41","modified_gmt":"2020-01-11T19:32:41","slug":"presentacio-noms-de-les-classes","status":"publish","type":"post","link":"https:\/\/agora.xtec.cat\/ceipsab\/educacio-infantil\/p5\/general\/presentacio-noms-de-les-classes\/","title":{"rendered":"PRESENTACI\u00d3 NOMS DE LES CLASSES"},"content":{"rendered":"<p>Hola fam\u00edlies!<\/p>\n<p>Fa dies que us dev\u00edem aquest v\u00eddeo! Per\u00f2 ja sabeu que les coses bones es fan esperar! \ud83d\ude09<\/p>\n<p>Aix\u00ed doncs, us deixem el v\u00eddeo de la presentaci\u00f3 oral que vam fer als nostres companys d&#8217;Educaci\u00f3 Infantil per explicar-los com es deia la nostra classe i quin \u00e9s el proc\u00e9s que hav\u00edem seguit per escollir-ne el nom!<\/p>\n<p>Vam treballar molt\u00edssim! Tamb\u00e9 ens vam posar una mica nerviosos perqu\u00e8 aix\u00f2 de tenir tant de p\u00fablic i haver de parlar davant de tothom costa una mica. Tot i aix\u00f2, ens va agradar molt\u00edssim i per aix\u00f2 us ho volem ensenyar!<\/p>\n<p>Esperem que el gaudiu molt!<\/p>\n<p><iframe loading=\"lazy\" title=\"Presentaci\u00f3 dels noms de les classes\" width=\"500\" height=\"281\" src=\"https:\/\/www.youtube.com\/embed\/BaS3qm5J7s4?feature=oembed\" frameborder=\"0\" allow=\"accelerometer; autoplay; clipboard-write; encrypted-media; gyroscope; picture-in-picture; web-share\" referrerpolicy=\"strict-origin-when-cross-origin\" allowfullscreen><\/iframe><\/p>\n","protected":false},"excerpt":{"rendered":"<p>Hola fam\u00edlies!<br \/>\nFa dies que us dev\u00edem aquest v\u00eddeo! Per\u00f2 ja sabeu que les coses bones es fan esperar! \ud83d\ude09<br \/>\nAix\u00ed doncs, us deixem el v\u00eddeo de la presentaci\u00f3 oral que vam fer als nostres companys d&#8217;Educaci\u00f3 Infantil per explicar-los com es deia la nostra classe i&hellip;  <a href=\"https:\/\/agora.xtec.cat\/ceipsab\/educacio-infantil\/p5\/general\/presentacio-noms-de-les-classes\/\" title=\"Read PRESENTACI\u00d3 NOMS DE LES CLASSES\">Llegeix m\u00e9s\u00bb<\/a><\/p>\n","protected":false},"author":1,"featured_media":5023,"comment_status":"open","ping_status":"closed","sticky":false,"template":"","format":"standard","meta":{"_bbp_topic_count":0,"_bbp_reply_count":0,"_bbp_total_topic_count":0,"_bbp_total_reply_count":0,"_bbp_voice_count":0,"_bbp_anonymous_reply_count":0,"_bbp_topic_count_hidden":0,"_bbp_reply_count_hidden":0,"_bbp_forum_subforum_count":0,"footnotes":""},"categories":[62,1,3,8,9,4],"tags":[],"class_list":["post-5021","post","type-post","status-publish","format-standard","has-post-thumbnail","hentry","category-educacio-infantil","category-general","category-p3","category-p4","category-p5","category-portada"],"post_mailing_queue_ids":[],"_links":{"self":[{"href":"https:\/\/agora.xtec.cat\/ceipsab\/wp-json\/wp\/v2\/posts\/5021","targetHints":{"allow":["GET"]}}],"collection":[{"href":"https:\/\/agora.xtec.cat\/ceipsab\/wp-json\/wp\/v2\/posts"}],"about":[{"href":"https:\/\/agora.xtec.cat\/ceipsab\/wp-json\/wp\/v2\/types\/post"}],"author":[{"embeddable":true,"href":"https:\/\/agora.xtec.cat\/ceipsab\/wp-json\/wp\/v2\/users\/1"}],"replies":[{"embeddable":true,"href":"https:\/\/agora.xtec.cat\/ceipsab\/wp-json\/wp\/v2\/comments?post=5021"}],"version-history":[{"count":3,"href":"https:\/\/agora.xtec.cat\/ceipsab\/wp-json\/wp\/v2\/posts\/5021\/revisions"}],"predecessor-version":[{"id":5025,"href":"https:\/\/agora.xtec.cat\/ceipsab\/wp-json\/wp\/v2\/posts\/5021\/revisions\/5025"}],"wp:featuredmedia":[{"embeddable":true,"href":"https:\/\/agora.xtec.cat\/ceipsab\/wp-json\/wp\/v2\/media\/5023"}],"wp:attachment":[{"href":"https:\/\/agora.xtec.cat\/ceipsab\/wp-json\/wp\/v2\/media?parent=5021"}],"wp:term":[{"taxonomy":"category","embeddable":true,"href":"https:\/\/agora.xtec.cat\/ceipsab\/wp-json\/wp\/v2\/categories?post=5021"},{"taxonomy":"post_tag","embeddable":true,"href":"https:\/\/agora.xtec.cat\/ceipsab\/wp-json\/wp\/v2\/tags?post=5021"}],"curies":[{"name":"wp","href":"https:\/\/api.w.org\/{rel}","templated":true}]}}