{"id":5012,"date":"2020-01-10T10:21:17","date_gmt":"2020-01-10T09:21:17","guid":{"rendered":"http:\/\/agora.xtec.cat\/ceipsab\/?p=5012"},"modified":"2020-01-13T12:00:36","modified_gmt":"2020-01-13T11:00:36","slug":"ultim-dia-del-trimestre-ple-democions-a-2n","status":"publish","type":"post","link":"https:\/\/agora.xtec.cat\/ceipsab\/portada\/ultim-dia-del-trimestre-ple-democions-a-2n\/","title":{"rendered":"\u00daltim dia del trimestre ple d&#8217;emocions a 2n."},"content":{"rendered":"<p>&nbsp;<\/p>\n<p>&nbsp;<\/p>\n<p>L&#8217;\u00faltim dia del primer trimestre els i les alumnes de segon est\u00e0vem molt nerviosos perqu\u00e8 era un dia especial . A part que ja comen\u00e7\u00e0vem les nostres vacances de Nadal ,ens venia a visitar el patge reial a l&#8217;escola, hav\u00edem de fer cagar el Ti\u00f3 que ens havia acompanyat durant aquests \u00faltims dies, i hav\u00edem de fer el regal de l&#8217;amic invisible\u00a0 a la classe<\/p>\n<p>La veritat \u00e9s que va ser un dia molt divertit i vol\u00edem que tothom pogu\u00e9s veure les nostre fotos. Aix\u00ed que aqui les teniu, aneu clicant en cada dibuix per veure-les.<\/p>\n<p>Bon any 2020.<\/p>\n<p>&nbsp;<\/p>\n<p>&nbsp;<\/p>\n<p><a href=\"https:\/\/photos.app.goo.gl\/ohm2h7u1n1RTnduR9\"><img loading=\"lazy\" decoding=\"async\" class=\"alignnone wp-image-5014\" src=\"https:\/\/agora.xtec.cat\/ceipsab\/wp-content\/uploads\/usu1011\/2020\/01\/patge.jpg\" alt=\"\" width=\"150\" height=\"113\" srcset=\"https:\/\/agora.xtec.cat\/ceipsab\/wp-content\/uploads\/usu1011\/2020\/01\/patge.jpg 400w, https:\/\/agora.xtec.cat\/ceipsab\/wp-content\/uploads\/usu1011\/2020\/01\/patge-300x226.jpg 300w, https:\/\/agora.xtec.cat\/ceipsab\/wp-content\/uploads\/usu1011\/2020\/01\/patge-200x150.jpg 200w\" sizes=\"auto, (max-width: 150px) 100vw, 150px\" \/><\/a><\/p>\n<p>&nbsp;<\/p>\n<p>&nbsp;<\/p>\n<p><a href=\"https:\/\/photos.app.goo.gl\/j52dwphZ3SVXXZxo7\">\u00a0<\/a><a href=\"https:\/\/photos.app.goo.gl\/ADfKJxrCYKuKUm5CA\"><img loading=\"lazy\" decoding=\"async\" class=\"wp-image-5015 alignright\" src=\"https:\/\/agora.xtec.cat\/ceipsab\/wp-content\/uploads\/usu1011\/2020\/01\/ai.jpg\" alt=\"\" width=\"252\" height=\"138\" srcset=\"https:\/\/agora.xtec.cat\/ceipsab\/wp-content\/uploads\/usu1011\/2020\/01\/ai.jpg 341w, https:\/\/agora.xtec.cat\/ceipsab\/wp-content\/uploads\/usu1011\/2020\/01\/ai-300x165.jpg 300w\" sizes=\"auto, (max-width: 252px) 100vw, 252px\" \/><\/a><\/p>\n<p><a href=\"https:\/\/photos.app.goo.gl\/j52dwphZ3SVXXZxo7\"><img loading=\"lazy\" decoding=\"async\" class=\"wp-image-5013 alignleft\" src=\"https:\/\/agora.xtec.cat\/ceipsab\/wp-content\/uploads\/usu1011\/2020\/01\/tio.jpg\" alt=\"\" width=\"144\" height=\"191\" srcset=\"https:\/\/agora.xtec.cat\/ceipsab\/wp-content\/uploads\/usu1011\/2020\/01\/tio.jpg 355w, https:\/\/agora.xtec.cat\/ceipsab\/wp-content\/uploads\/usu1011\/2020\/01\/tio-226x300.jpg 226w\" sizes=\"auto, (max-width: 144px) 100vw, 144px\" \/><\/a><\/p>\n","protected":false},"excerpt":{"rendered":"<p>&nbsp;<br \/>\n&nbsp;<br \/>\nL&#8217;\u00faltim dia del primer trimestre els i les alumnes de segon est\u00e0vem molt nerviosos perqu\u00e8 era un dia especial . A part que ja comen\u00e7\u00e0vem les nostres vacances de Nadal ,ens venia a visitar el patge reial a l&#8217;escola, hav\u00edem de fer cagar el Ti\u00f3&hellip;  <a href=\"https:\/\/agora.xtec.cat\/ceipsab\/portada\/ultim-dia-del-trimestre-ple-democions-a-2n\/\" title=\"Read \u00daltim dia del trimestre ple d&#8217;emocions a 2n.\">Llegeix m\u00e9s\u00bb<\/a><\/p>\n","protected":false},"author":1,"featured_media":5013,"comment_status":"open","ping_status":"closed","sticky":false,"template":"","format":"standard","meta":{"_bbp_topic_count":0,"_bbp_reply_count":0,"_bbp_total_topic_count":0,"_bbp_total_reply_count":0,"_bbp_voice_count":0,"_bbp_anonymous_reply_count":0,"_bbp_topic_count_hidden":0,"_bbp_reply_count_hidden":0,"_bbp_forum_subforum_count":0,"footnotes":""},"categories":[11,63,5,4],"tags":[],"class_list":["post-5012","post","type-post","status-publish","format-standard","has-post-thumbnail","hentry","category-2n","category-cicle-inicial","category-primaria","category-portada"],"post_mailing_queue_ids":[],"_links":{"self":[{"href":"https:\/\/agora.xtec.cat\/ceipsab\/wp-json\/wp\/v2\/posts\/5012","targetHints":{"allow":["GET"]}}],"collection":[{"href":"https:\/\/agora.xtec.cat\/ceipsab\/wp-json\/wp\/v2\/posts"}],"about":[{"href":"https:\/\/agora.xtec.cat\/ceipsab\/wp-json\/wp\/v2\/types\/post"}],"author":[{"embeddable":true,"href":"https:\/\/agora.xtec.cat\/ceipsab\/wp-json\/wp\/v2\/users\/1"}],"replies":[{"embeddable":true,"href":"https:\/\/agora.xtec.cat\/ceipsab\/wp-json\/wp\/v2\/comments?post=5012"}],"version-history":[{"count":3,"href":"https:\/\/agora.xtec.cat\/ceipsab\/wp-json\/wp\/v2\/posts\/5012\/revisions"}],"predecessor-version":[{"id":5032,"href":"https:\/\/agora.xtec.cat\/ceipsab\/wp-json\/wp\/v2\/posts\/5012\/revisions\/5032"}],"wp:featuredmedia":[{"embeddable":true,"href":"https:\/\/agora.xtec.cat\/ceipsab\/wp-json\/wp\/v2\/media\/5013"}],"wp:attachment":[{"href":"https:\/\/agora.xtec.cat\/ceipsab\/wp-json\/wp\/v2\/media?parent=5012"}],"wp:term":[{"taxonomy":"category","embeddable":true,"href":"https:\/\/agora.xtec.cat\/ceipsab\/wp-json\/wp\/v2\/categories?post=5012"},{"taxonomy":"post_tag","embeddable":true,"href":"https:\/\/agora.xtec.cat\/ceipsab\/wp-json\/wp\/v2\/tags?post=5012"}],"curies":[{"name":"wp","href":"https:\/\/api.w.org\/{rel}","templated":true}]}}