{"id":5007,"date":"2020-01-09T13:06:33","date_gmt":"2020-01-09T12:06:33","guid":{"rendered":"http:\/\/agora.xtec.cat\/ceipsab\/?p=5007"},"modified":"2020-01-09T13:06:33","modified_gmt":"2020-01-09T12:06:33","slug":"les-mascotes-de-la-classe-1r-trimestre","status":"publish","type":"post","link":"https:\/\/agora.xtec.cat\/ceipsab\/educacio-infantil\/p5\/les-mascotes-de-la-classe-1r-trimestre\/","title":{"rendered":"LES MASCOTES DE LA CLASSE (1R TRIMESTRE)"},"content":{"rendered":"<p>Hola fam\u00edlies!<\/p>\n<p>Durant aquest primer trimestre, alguns nens i nenes de P5 s&#8217;han emportat les mascotes de la classe a casa. Aix\u00ed doncs, el Sisu i la Nala han passat els caps de setmana a casa d&#8217;alguns dels nostres companys. Despr\u00e9s tots ells ens ho han explicat a classe! Ens ho hem passat molt b\u00e9!<\/p>\n<p><a href=\"https:\/\/photos.app.goo.gl\/zfUR6kVHMyQjgMEq9\"><img loading=\"lazy\" decoding=\"async\" class=\"alignnone  wp-image-5008\" src=\"https:\/\/agora.xtec.cat\/ceipsab\/wp-content\/uploads\/usu1011\/2020\/01\/Sisu-1024x886.jpg\" alt=\"\" width=\"276\" height=\"239\" srcset=\"https:\/\/agora.xtec.cat\/ceipsab\/wp-content\/uploads\/usu1011\/2020\/01\/Sisu-1024x886.jpg 1024w, https:\/\/agora.xtec.cat\/ceipsab\/wp-content\/uploads\/usu1011\/2020\/01\/Sisu-300x260.jpg 300w, https:\/\/agora.xtec.cat\/ceipsab\/wp-content\/uploads\/usu1011\/2020\/01\/Sisu-768x665.jpg 768w, https:\/\/agora.xtec.cat\/ceipsab\/wp-content\/uploads\/usu1011\/2020\/01\/Sisu.jpg 1500w\" sizes=\"auto, (max-width: 276px) 100vw, 276px\" \/><\/a><\/p>\n<p><a href=\"https:\/\/photos.app.goo.gl\/2LFesWvjoJAmjZrf6\"><img loading=\"lazy\" decoding=\"async\" class=\"alignnone  wp-image-5009\" src=\"https:\/\/agora.xtec.cat\/ceipsab\/wp-content\/uploads\/usu1011\/2020\/01\/Nala.jpg\" alt=\"\" width=\"170\" height=\"289\" srcset=\"https:\/\/agora.xtec.cat\/ceipsab\/wp-content\/uploads\/usu1011\/2020\/01\/Nala.jpg 529w, https:\/\/agora.xtec.cat\/ceipsab\/wp-content\/uploads\/usu1011\/2020\/01\/Nala-177x300.jpg 177w\" sizes=\"auto, (max-width: 170px) 100vw, 170px\" \/><\/a><\/p>\n","protected":false},"excerpt":{"rendered":"<p>Hola fam\u00edlies!<br \/>\nDurant aquest primer trimestre, alguns nens i nenes de P5 s&#8217;han emportat les mascotes de la classe a casa. Aix\u00ed doncs, el Sisu i la Nala han passat els caps de setmana a casa d&#8217;alguns dels nostres companys. Despr\u00e9s tots ells ens ho han&hellip;  <a href=\"https:\/\/agora.xtec.cat\/ceipsab\/educacio-infantil\/p5\/les-mascotes-de-la-classe-1r-trimestre\/\" title=\"Read LES MASCOTES DE LA CLASSE (1R TRIMESTRE)\">Llegeix m\u00e9s\u00bb<\/a><\/p>\n","protected":false},"author":1,"featured_media":5010,"comment_status":"open","ping_status":"closed","sticky":false,"template":"","format":"standard","meta":{"_bbp_topic_count":0,"_bbp_reply_count":0,"_bbp_total_topic_count":0,"_bbp_total_reply_count":0,"_bbp_voice_count":0,"_bbp_anonymous_reply_count":0,"_bbp_topic_count_hidden":0,"_bbp_reply_count_hidden":0,"_bbp_forum_subforum_count":0,"footnotes":""},"categories":[62,9],"tags":[],"class_list":["post-5007","post","type-post","status-publish","format-standard","has-post-thumbnail","hentry","category-educacio-infantil","category-p5"],"post_mailing_queue_ids":[],"_links":{"self":[{"href":"https:\/\/agora.xtec.cat\/ceipsab\/wp-json\/wp\/v2\/posts\/5007","targetHints":{"allow":["GET"]}}],"collection":[{"href":"https:\/\/agora.xtec.cat\/ceipsab\/wp-json\/wp\/v2\/posts"}],"about":[{"href":"https:\/\/agora.xtec.cat\/ceipsab\/wp-json\/wp\/v2\/types\/post"}],"author":[{"embeddable":true,"href":"https:\/\/agora.xtec.cat\/ceipsab\/wp-json\/wp\/v2\/users\/1"}],"replies":[{"embeddable":true,"href":"https:\/\/agora.xtec.cat\/ceipsab\/wp-json\/wp\/v2\/comments?post=5007"}],"version-history":[{"count":1,"href":"https:\/\/agora.xtec.cat\/ceipsab\/wp-json\/wp\/v2\/posts\/5007\/revisions"}],"predecessor-version":[{"id":5011,"href":"https:\/\/agora.xtec.cat\/ceipsab\/wp-json\/wp\/v2\/posts\/5007\/revisions\/5011"}],"wp:featuredmedia":[{"embeddable":true,"href":"https:\/\/agora.xtec.cat\/ceipsab\/wp-json\/wp\/v2\/media\/5010"}],"wp:attachment":[{"href":"https:\/\/agora.xtec.cat\/ceipsab\/wp-json\/wp\/v2\/media?parent=5007"}],"wp:term":[{"taxonomy":"category","embeddable":true,"href":"https:\/\/agora.xtec.cat\/ceipsab\/wp-json\/wp\/v2\/categories?post=5007"},{"taxonomy":"post_tag","embeddable":true,"href":"https:\/\/agora.xtec.cat\/ceipsab\/wp-json\/wp\/v2\/tags?post=5007"}],"curies":[{"name":"wp","href":"https:\/\/api.w.org\/{rel}","templated":true}]}}