{"id":4990,"date":"2019-12-20T21:11:22","date_gmt":"2019-12-20T20:11:22","guid":{"rendered":"http:\/\/agora.xtec.cat\/ceipsab\/?p=4990"},"modified":"2019-12-20T21:11:22","modified_gmt":"2019-12-20T20:11:22","slug":"p4-tio-de-nadal-i-patge-reial","status":"publish","type":"post","link":"https:\/\/agora.xtec.cat\/ceipsab\/educacio-infantil\/p4\/p4-tio-de-nadal-i-patge-reial\/","title":{"rendered":"P4 Ti\u00f3 de Nadal i Patge reial"},"content":{"rendered":"<p>Hola fam\u00edlies!<\/p>\n<p>Avui, \u00faltim dia de trimestre, hem passat un mat\u00ed molt divertit!\u00a0 Hem anat a fer cagar el TI\u00d3 i hem estat d&#8217;all\u00f2 m\u00e9s contents amb el regalet que ens ha portat!<\/p>\n<p>M\u00e9s tard,hem rebut la visita del patge de SSMM els Reis de l&#8217;Orient i li hem pogut entregar les nostres cartes!<\/p>\n<p>Gr\u00e0cies a l&#8217;AMPA hem pogut esmorzar una mica de torrons i neules!<\/p>\n<p>Ens ho hem passat d&#8217;all\u00f2 m\u00e9s b\u00e9!<\/p>\n<p>Qu\u00e8 tingueu unes Bones Festes de Nadal! I feli\u00e7 2020!!!<\/p>\n<p>&nbsp;<\/p>\n<p>Fotos P4A<\/p>\n<p><a href=\"https:\/\/photos.app.goo.gl\/yDzUSqBbb9v9APuL8\"><img loading=\"lazy\" decoding=\"async\" class=\"alignnone size-medium wp-image-4984\" src=\"https:\/\/agora.xtec.cat\/ceipsab\/wp-content\/uploads\/usu1011\/2019\/12\/nadal-1-300x200.jpg\" alt=\"\" width=\"300\" height=\"200\" srcset=\"https:\/\/agora.xtec.cat\/ceipsab\/wp-content\/uploads\/usu1011\/2019\/12\/nadal-1-300x200.jpg 300w, https:\/\/agora.xtec.cat\/ceipsab\/wp-content\/uploads\/usu1011\/2019\/12\/nadal-1-768x512.jpg 768w, https:\/\/agora.xtec.cat\/ceipsab\/wp-content\/uploads\/usu1011\/2019\/12\/nadal-1-1024x682.jpg 1024w, https:\/\/agora.xtec.cat\/ceipsab\/wp-content\/uploads\/usu1011\/2019\/12\/nadal-1.jpg 1280w\" sizes=\"auto, (max-width: 300px) 100vw, 300px\" \/><\/a><\/p>\n<p>&nbsp;<\/p>\n<p>Fotos P4B<\/p>\n<p><a href=\"https:\/\/photos.app.goo.gl\/a2EpUn7KxUs52mUx5\"><img loading=\"lazy\" decoding=\"async\" class=\"alignnone size-medium wp-image-4985\" src=\"https:\/\/agora.xtec.cat\/ceipsab\/wp-content\/uploads\/usu1011\/2019\/12\/nadal-2-300x234.jpg\" alt=\"\" width=\"300\" height=\"234\" srcset=\"https:\/\/agora.xtec.cat\/ceipsab\/wp-content\/uploads\/usu1011\/2019\/12\/nadal-2-300x234.jpg 300w, https:\/\/agora.xtec.cat\/ceipsab\/wp-content\/uploads\/usu1011\/2019\/12\/nadal-2.jpg 500w\" sizes=\"auto, (max-width: 300px) 100vw, 300px\" \/><\/a><\/p>\n<p>&nbsp;<\/p>\n","protected":false},"excerpt":{"rendered":"<p>Hola fam\u00edlies!<br \/>\nAvui, \u00faltim dia de trimestre, hem passat un mat\u00ed molt divertit!\u00a0 Hem anat a fer cagar el TI\u00d3 i hem estat d&#8217;all\u00f2 m\u00e9s contents amb el regalet que ens ha portat!<br \/>\nM\u00e9s tard,hem rebut la visita del patge de SSMM els Reis de l&#8217;Orient i&hellip;  <a href=\"https:\/\/agora.xtec.cat\/ceipsab\/educacio-infantil\/p4\/p4-tio-de-nadal-i-patge-reial\/\" title=\"Read P4 Ti\u00f3 de Nadal i Patge reial\">Llegeix m\u00e9s\u00bb<\/a><\/p>\n","protected":false},"author":7,"featured_media":4985,"comment_status":"open","ping_status":"closed","sticky":false,"template":"","format":"standard","meta":{"_bbp_topic_count":0,"_bbp_reply_count":0,"_bbp_total_topic_count":0,"_bbp_total_reply_count":0,"_bbp_voice_count":0,"_bbp_anonymous_reply_count":0,"_bbp_topic_count_hidden":0,"_bbp_reply_count_hidden":0,"_bbp_forum_subforum_count":0,"footnotes":""},"categories":[62,8],"tags":[],"class_list":["post-4990","post","type-post","status-publish","format-standard","has-post-thumbnail","hentry","category-educacio-infantil","category-p4"],"post_mailing_queue_ids":[],"_links":{"self":[{"href":"https:\/\/agora.xtec.cat\/ceipsab\/wp-json\/wp\/v2\/posts\/4990","targetHints":{"allow":["GET"]}}],"collection":[{"href":"https:\/\/agora.xtec.cat\/ceipsab\/wp-json\/wp\/v2\/posts"}],"about":[{"href":"https:\/\/agora.xtec.cat\/ceipsab\/wp-json\/wp\/v2\/types\/post"}],"author":[{"embeddable":true,"href":"https:\/\/agora.xtec.cat\/ceipsab\/wp-json\/wp\/v2\/users\/7"}],"replies":[{"embeddable":true,"href":"https:\/\/agora.xtec.cat\/ceipsab\/wp-json\/wp\/v2\/comments?post=4990"}],"version-history":[{"count":3,"href":"https:\/\/agora.xtec.cat\/ceipsab\/wp-json\/wp\/v2\/posts\/4990\/revisions"}],"predecessor-version":[{"id":4994,"href":"https:\/\/agora.xtec.cat\/ceipsab\/wp-json\/wp\/v2\/posts\/4990\/revisions\/4994"}],"wp:featuredmedia":[{"embeddable":true,"href":"https:\/\/agora.xtec.cat\/ceipsab\/wp-json\/wp\/v2\/media\/4985"}],"wp:attachment":[{"href":"https:\/\/agora.xtec.cat\/ceipsab\/wp-json\/wp\/v2\/media?parent=4990"}],"wp:term":[{"taxonomy":"category","embeddable":true,"href":"https:\/\/agora.xtec.cat\/ceipsab\/wp-json\/wp\/v2\/categories?post=4990"},{"taxonomy":"post_tag","embeddable":true,"href":"https:\/\/agora.xtec.cat\/ceipsab\/wp-json\/wp\/v2\/tags?post=4990"}],"curies":[{"name":"wp","href":"https:\/\/api.w.org\/{rel}","templated":true}]}}