{"id":4983,"date":"2019-12-20T12:27:57","date_gmt":"2019-12-20T11:27:57","guid":{"rendered":"http:\/\/agora.xtec.cat\/ceipsab\/?p=4983"},"modified":"2019-12-20T12:27:57","modified_gmt":"2019-12-20T11:27:57","slug":"el-patge-reial-i-el-tio","status":"publish","type":"post","link":"https:\/\/agora.xtec.cat\/ceipsab\/educacio-infantil\/p5\/el-patge-reial-i-el-tio\/","title":{"rendered":"EL PATGE REIAL I EL TI\u00d3"},"content":{"rendered":"<p>Hola fam\u00edlies!<\/p>\n<p>Avui, \u00faltim dia de trimestre, hem passat un mat\u00ed molt divertit! A primera hora hem rebut la visita del patge de SSMM els Reis de l&#8217;Orient i li hem pogut entregar les nostres cartes!<\/p>\n<p>M\u00e9s tard, hem anat a fer cagar el TI\u00d3 i hem estat d&#8217;all\u00f2 m\u00e9s contents amb el regalet que ens ha portat!<\/p>\n<p>Gr\u00e0cies a l&#8217;AMPA hem pogut esmorzar una mica de torrons i neules!<\/p>\n<p>Ens ho hem passat d&#8217;all\u00f2 m\u00e9s b\u00e9!<\/p>\n<p>Qu\u00e8 tingueu unes Bones Festes de Nadal! I feli\u00e7 2020!!!<\/p>\n<p>(Fotografies de P5A)<\/p>\n<p><a href=\"https:\/\/photos.app.goo.gl\/9Hi5EYLNYnKHUnst8\"><img loading=\"lazy\" decoding=\"async\" class=\"alignnone  wp-image-4984\" src=\"https:\/\/agora.xtec.cat\/ceipsab\/wp-content\/uploads\/usu1011\/2019\/12\/nadal-1-1024x682.jpg\" alt=\"\" width=\"437\" height=\"291\" srcset=\"https:\/\/agora.xtec.cat\/ceipsab\/wp-content\/uploads\/usu1011\/2019\/12\/nadal-1-1024x682.jpg 1024w, https:\/\/agora.xtec.cat\/ceipsab\/wp-content\/uploads\/usu1011\/2019\/12\/nadal-1-300x200.jpg 300w, https:\/\/agora.xtec.cat\/ceipsab\/wp-content\/uploads\/usu1011\/2019\/12\/nadal-1-768x512.jpg 768w, https:\/\/agora.xtec.cat\/ceipsab\/wp-content\/uploads\/usu1011\/2019\/12\/nadal-1.jpg 1280w\" sizes=\"auto, (max-width: 437px) 100vw, 437px\" \/><\/a><\/p>\n<p>( Fotografies de P5B)<\/p>\n<p><a href=\"https:\/\/photos.app.goo.gl\/jpBAKa3CCuN7vDn17\"><img loading=\"lazy\" decoding=\"async\" class=\"alignnone  wp-image-4985\" src=\"https:\/\/agora.xtec.cat\/ceipsab\/wp-content\/uploads\/usu1011\/2019\/12\/nadal-2.jpg\" alt=\"\" width=\"426\" height=\"333\" srcset=\"https:\/\/agora.xtec.cat\/ceipsab\/wp-content\/uploads\/usu1011\/2019\/12\/nadal-2.jpg 500w, https:\/\/agora.xtec.cat\/ceipsab\/wp-content\/uploads\/usu1011\/2019\/12\/nadal-2-300x234.jpg 300w\" sizes=\"auto, (max-width: 426px) 100vw, 426px\" \/><\/a><\/p>\n","protected":false},"excerpt":{"rendered":"<p>Hola fam\u00edlies!<br \/>\nAvui, \u00faltim dia de trimestre, hem passat un mat\u00ed molt divertit! A primera hora hem rebut la visita del patge de SSMM els Reis de l&#8217;Orient i li hem pogut entregar les nostres cartes!<br \/>\nM\u00e9s tard, hem anat a fer cagar el TI\u00d3 i hem&hellip;  <a href=\"https:\/\/agora.xtec.cat\/ceipsab\/educacio-infantil\/p5\/el-patge-reial-i-el-tio\/\" title=\"Read EL PATGE REIAL I EL TI\u00d3\">Llegeix m\u00e9s\u00bb<\/a><\/p>\n","protected":false},"author":1,"featured_media":4985,"comment_status":"open","ping_status":"closed","sticky":false,"template":"","format":"standard","meta":{"_bbp_topic_count":0,"_bbp_reply_count":0,"_bbp_total_topic_count":0,"_bbp_total_reply_count":0,"_bbp_voice_count":0,"_bbp_anonymous_reply_count":0,"_bbp_topic_count_hidden":0,"_bbp_reply_count_hidden":0,"_bbp_forum_subforum_count":0,"footnotes":""},"categories":[62,9],"tags":[],"class_list":["post-4983","post","type-post","status-publish","format-standard","has-post-thumbnail","hentry","category-educacio-infantil","category-p5"],"post_mailing_queue_ids":[],"_links":{"self":[{"href":"https:\/\/agora.xtec.cat\/ceipsab\/wp-json\/wp\/v2\/posts\/4983","targetHints":{"allow":["GET"]}}],"collection":[{"href":"https:\/\/agora.xtec.cat\/ceipsab\/wp-json\/wp\/v2\/posts"}],"about":[{"href":"https:\/\/agora.xtec.cat\/ceipsab\/wp-json\/wp\/v2\/types\/post"}],"author":[{"embeddable":true,"href":"https:\/\/agora.xtec.cat\/ceipsab\/wp-json\/wp\/v2\/users\/1"}],"replies":[{"embeddable":true,"href":"https:\/\/agora.xtec.cat\/ceipsab\/wp-json\/wp\/v2\/comments?post=4983"}],"version-history":[{"count":2,"href":"https:\/\/agora.xtec.cat\/ceipsab\/wp-json\/wp\/v2\/posts\/4983\/revisions"}],"predecessor-version":[{"id":4987,"href":"https:\/\/agora.xtec.cat\/ceipsab\/wp-json\/wp\/v2\/posts\/4983\/revisions\/4987"}],"wp:featuredmedia":[{"embeddable":true,"href":"https:\/\/agora.xtec.cat\/ceipsab\/wp-json\/wp\/v2\/media\/4985"}],"wp:attachment":[{"href":"https:\/\/agora.xtec.cat\/ceipsab\/wp-json\/wp\/v2\/media?parent=4983"}],"wp:term":[{"taxonomy":"category","embeddable":true,"href":"https:\/\/agora.xtec.cat\/ceipsab\/wp-json\/wp\/v2\/categories?post=4983"},{"taxonomy":"post_tag","embeddable":true,"href":"https:\/\/agora.xtec.cat\/ceipsab\/wp-json\/wp\/v2\/tags?post=4983"}],"curies":[{"name":"wp","href":"https:\/\/api.w.org\/{rel}","templated":true}]}}