{"id":4950,"date":"2019-12-16T19:40:41","date_gmt":"2019-12-16T18:40:41","guid":{"rendered":"http:\/\/agora.xtec.cat\/ceipsab\/?p=4950"},"modified":"2019-12-16T19:40:41","modified_gmt":"2019-12-16T18:40:41","slug":"racons-de-treball-tanda-2","status":"publish","type":"post","link":"https:\/\/agora.xtec.cat\/ceipsab\/educacio-infantil\/p3\/racons-de-treball-tanda-2\/","title":{"rendered":"RACONS DE TREBALL TANDA 2"},"content":{"rendered":"<p>Hola fam\u00edlies!<\/p>\n<p>Els nens i les nenes de P3 continuem realitzant els els racons de treball: el de llengua, el de matem\u00e0tiques, el de pl\u00e0stica, el d\u2019experimentaci\u00f3 i el de grafo-motricitat. A continuaci\u00f3 us deixem les fotografies de la segona tanda per a qu\u00e8 ens veieu<\/p>\n<p><a href=\"https:\/\/photos.app.goo.gl\/7aApwjdufahkpBmA6\"><img loading=\"lazy\" decoding=\"async\" class=\"alignnone  wp-image-4948\" src=\"https:\/\/agora.xtec.cat\/ceipsab\/wp-content\/uploads\/usu1011\/2019\/12\/IMG_7226.jpg\" alt=\"\" width=\"493\" height=\"370\" srcset=\"https:\/\/agora.xtec.cat\/ceipsab\/wp-content\/uploads\/usu1011\/2019\/12\/IMG_7226.jpg 768w, https:\/\/agora.xtec.cat\/ceipsab\/wp-content\/uploads\/usu1011\/2019\/12\/IMG_7226-300x225.jpg 300w, https:\/\/agora.xtec.cat\/ceipsab\/wp-content\/uploads\/usu1011\/2019\/12\/IMG_7226-200x150.jpg 200w\" sizes=\"auto, (max-width: 493px) 100vw, 493px\" \/><\/a><\/p>\n","protected":false},"excerpt":{"rendered":"<p>Hola fam\u00edlies!<br \/>\nEls nens i les nenes de P3 continuem realitzant els els racons de treball: el de llengua, el de matem\u00e0tiques, el de pl\u00e0stica, el d\u2019experimentaci\u00f3 i el de grafo-motricitat. A continuaci\u00f3 us deixem les fotografies de la segona tanda per a qu\u00e8 ens veieu<br \/>\n<a&hellip;  <a href=\"https:\/\/agora.xtec.cat\/ceipsab\/educacio-infantil\/p3\/racons-de-treball-tanda-2\/\" title=\"Read RACONS DE TREBALL TANDA 2\">Llegeix m\u00e9s\u00bb<\/a><\/p>\n","protected":false},"author":1,"featured_media":4948,"comment_status":"open","ping_status":"closed","sticky":false,"template":"","format":"standard","meta":{"_bbp_topic_count":0,"_bbp_reply_count":0,"_bbp_total_topic_count":0,"_bbp_total_reply_count":0,"_bbp_voice_count":0,"_bbp_anonymous_reply_count":0,"_bbp_topic_count_hidden":0,"_bbp_reply_count_hidden":0,"_bbp_forum_subforum_count":0,"footnotes":""},"categories":[62,3],"tags":[],"class_list":["post-4950","post","type-post","status-publish","format-standard","has-post-thumbnail","hentry","category-educacio-infantil","category-p3"],"post_mailing_queue_ids":[],"_links":{"self":[{"href":"https:\/\/agora.xtec.cat\/ceipsab\/wp-json\/wp\/v2\/posts\/4950","targetHints":{"allow":["GET"]}}],"collection":[{"href":"https:\/\/agora.xtec.cat\/ceipsab\/wp-json\/wp\/v2\/posts"}],"about":[{"href":"https:\/\/agora.xtec.cat\/ceipsab\/wp-json\/wp\/v2\/types\/post"}],"author":[{"embeddable":true,"href":"https:\/\/agora.xtec.cat\/ceipsab\/wp-json\/wp\/v2\/users\/1"}],"replies":[{"embeddable":true,"href":"https:\/\/agora.xtec.cat\/ceipsab\/wp-json\/wp\/v2\/comments?post=4950"}],"version-history":[{"count":2,"href":"https:\/\/agora.xtec.cat\/ceipsab\/wp-json\/wp\/v2\/posts\/4950\/revisions"}],"predecessor-version":[{"id":4952,"href":"https:\/\/agora.xtec.cat\/ceipsab\/wp-json\/wp\/v2\/posts\/4950\/revisions\/4952"}],"wp:featuredmedia":[{"embeddable":true,"href":"https:\/\/agora.xtec.cat\/ceipsab\/wp-json\/wp\/v2\/media\/4948"}],"wp:attachment":[{"href":"https:\/\/agora.xtec.cat\/ceipsab\/wp-json\/wp\/v2\/media?parent=4950"}],"wp:term":[{"taxonomy":"category","embeddable":true,"href":"https:\/\/agora.xtec.cat\/ceipsab\/wp-json\/wp\/v2\/categories?post=4950"},{"taxonomy":"post_tag","embeddable":true,"href":"https:\/\/agora.xtec.cat\/ceipsab\/wp-json\/wp\/v2\/tags?post=4950"}],"curies":[{"name":"wp","href":"https:\/\/api.w.org\/{rel}","templated":true}]}}