{"id":4944,"date":"2019-12-16T19:30:39","date_gmt":"2019-12-16T18:30:39","guid":{"rendered":"http:\/\/agora.xtec.cat\/ceipsab\/?p=4944"},"modified":"2019-12-16T19:30:39","modified_gmt":"2019-12-16T18:30:39","slug":"anem-a-buscar-el-tio-6","status":"publish","type":"post","link":"https:\/\/agora.xtec.cat\/ceipsab\/educacio-infantil\/p3\/anem-a-buscar-el-tio-6\/","title":{"rendered":"ANEM A BUSCAR EL TI\u00d3"},"content":{"rendered":"<p>Hola fam\u00edlies!<\/p>\n<p>Fa uns dies va arribar una carta del Ti\u00f3 a l\u2019escola on ens explicava que com ha comen\u00e7at a fer fred estava baixant de la muntanya. Per aix\u00f2, els nens i les nenes de P3 vam anar al bosc a veure si el trob\u00e0vem i, tot i que ens va costar una miqueta, al final el vam trobar i ens vam fer unes fotos amb ell i tot. Per\u00f2 com que pesava molt i no el pod\u00edem portar al cole, vam anar a explicar als nens i nenes de P4 i P5 que l&#8217;hav\u00edem vist\u00a0i a veure si ells el podrien pujar.<\/p>\n<p><a href=\"https:\/\/photos.app.goo.gl\/uao9iY2RTE7Kxrg59\"><img loading=\"lazy\" decoding=\"async\" class=\"alignnone  wp-image-4945\" src=\"https:\/\/agora.xtec.cat\/ceipsab\/wp-content\/uploads\/usu1011\/2019\/12\/IMG_7660.jpg\" alt=\"\" width=\"456\" height=\"342\" srcset=\"https:\/\/agora.xtec.cat\/ceipsab\/wp-content\/uploads\/usu1011\/2019\/12\/IMG_7660.jpg 768w, https:\/\/agora.xtec.cat\/ceipsab\/wp-content\/uploads\/usu1011\/2019\/12\/IMG_7660-300x225.jpg 300w, https:\/\/agora.xtec.cat\/ceipsab\/wp-content\/uploads\/usu1011\/2019\/12\/IMG_7660-200x150.jpg 200w\" sizes=\"auto, (max-width: 456px) 100vw, 456px\" \/><\/a><\/p>\n","protected":false},"excerpt":{"rendered":"<p>Hola fam\u00edlies!<br \/>\nFa uns dies va arribar una carta del Ti\u00f3 a l\u2019escola on ens explicava que com ha comen\u00e7at a fer fred estava baixant de la muntanya. Per aix\u00f2, els nens i les nenes de P3 vam anar al bosc a veure si el trob\u00e0vem&hellip;  <a href=\"https:\/\/agora.xtec.cat\/ceipsab\/educacio-infantil\/p3\/anem-a-buscar-el-tio-6\/\" title=\"Read ANEM A BUSCAR EL TI\u00d3\">Llegeix m\u00e9s\u00bb<\/a><\/p>\n","protected":false},"author":1,"featured_media":4945,"comment_status":"open","ping_status":"closed","sticky":false,"template":"","format":"standard","meta":{"_bbp_topic_count":0,"_bbp_reply_count":0,"_bbp_total_topic_count":0,"_bbp_total_reply_count":0,"_bbp_voice_count":0,"_bbp_anonymous_reply_count":0,"_bbp_topic_count_hidden":0,"_bbp_reply_count_hidden":0,"_bbp_forum_subforum_count":0,"footnotes":""},"categories":[62,3],"tags":[],"class_list":["post-4944","post","type-post","status-publish","format-standard","has-post-thumbnail","hentry","category-educacio-infantil","category-p3"],"post_mailing_queue_ids":[],"_links":{"self":[{"href":"https:\/\/agora.xtec.cat\/ceipsab\/wp-json\/wp\/v2\/posts\/4944","targetHints":{"allow":["GET"]}}],"collection":[{"href":"https:\/\/agora.xtec.cat\/ceipsab\/wp-json\/wp\/v2\/posts"}],"about":[{"href":"https:\/\/agora.xtec.cat\/ceipsab\/wp-json\/wp\/v2\/types\/post"}],"author":[{"embeddable":true,"href":"https:\/\/agora.xtec.cat\/ceipsab\/wp-json\/wp\/v2\/users\/1"}],"replies":[{"embeddable":true,"href":"https:\/\/agora.xtec.cat\/ceipsab\/wp-json\/wp\/v2\/comments?post=4944"}],"version-history":[{"count":1,"href":"https:\/\/agora.xtec.cat\/ceipsab\/wp-json\/wp\/v2\/posts\/4944\/revisions"}],"predecessor-version":[{"id":4946,"href":"https:\/\/agora.xtec.cat\/ceipsab\/wp-json\/wp\/v2\/posts\/4944\/revisions\/4946"}],"wp:featuredmedia":[{"embeddable":true,"href":"https:\/\/agora.xtec.cat\/ceipsab\/wp-json\/wp\/v2\/media\/4945"}],"wp:attachment":[{"href":"https:\/\/agora.xtec.cat\/ceipsab\/wp-json\/wp\/v2\/media?parent=4944"}],"wp:term":[{"taxonomy":"category","embeddable":true,"href":"https:\/\/agora.xtec.cat\/ceipsab\/wp-json\/wp\/v2\/categories?post=4944"},{"taxonomy":"post_tag","embeddable":true,"href":"https:\/\/agora.xtec.cat\/ceipsab\/wp-json\/wp\/v2\/tags?post=4944"}],"curies":[{"name":"wp","href":"https:\/\/api.w.org\/{rel}","templated":true}]}}