{"id":4940,"date":"2019-12-16T19:20:05","date_gmt":"2019-12-16T18:20:05","guid":{"rendered":"http:\/\/agora.xtec.cat\/ceipsab\/?p=4940"},"modified":"2019-12-16T19:20:05","modified_gmt":"2019-12-16T18:20:05","slug":"parem-una-taula-de-nadal","status":"publish","type":"post","link":"https:\/\/agora.xtec.cat\/ceipsab\/educacio-infantil\/p3\/parem-una-taula-de-nadal\/","title":{"rendered":"PAREM UNA TAULA DE NADAL"},"content":{"rendered":"<p>Hola fam\u00edlies!<\/p>\n<p>Com ja sabeu, s\u2019apropen les vacances de Nadal, uns dies plens de m\u00e0gia on celebrem les festes amb uns dinars i sopars ben bons. Per aix\u00f2, els nens i les nenes de P3<strong> hem parat una taula de Nadal<\/strong> amb els seus plats, gots, copes i, fins i tot, galets! I, sabeu qu\u00e8? Tamb\u00e9 hem fet un brindis amb copes i cava de veritat! Mmmm qu\u00e8 bo que estava! Us deixem unes imatges perqu\u00e8 ens veieu:<\/p>\n<p><a href=\"https:\/\/photos.app.goo.gl\/dX2YXan87zcb4BRZ8\"><img loading=\"lazy\" decoding=\"async\" class=\"alignnone  wp-image-4941\" src=\"https:\/\/agora.xtec.cat\/ceipsab\/wp-content\/uploads\/usu1011\/2019\/12\/IMG_7770.jpg\" alt=\"\" width=\"513\" height=\"385\" srcset=\"https:\/\/agora.xtec.cat\/ceipsab\/wp-content\/uploads\/usu1011\/2019\/12\/IMG_7770.jpg 833w, https:\/\/agora.xtec.cat\/ceipsab\/wp-content\/uploads\/usu1011\/2019\/12\/IMG_7770-300x225.jpg 300w, https:\/\/agora.xtec.cat\/ceipsab\/wp-content\/uploads\/usu1011\/2019\/12\/IMG_7770-768x576.jpg 768w, https:\/\/agora.xtec.cat\/ceipsab\/wp-content\/uploads\/usu1011\/2019\/12\/IMG_7770-200x150.jpg 200w\" sizes=\"auto, (max-width: 513px) 100vw, 513px\" \/><\/a><\/p>\n","protected":false},"excerpt":{"rendered":"<p>Hola fam\u00edlies!<br \/>\nCom ja sabeu, s\u2019apropen les vacances de Nadal, uns dies plens de m\u00e0gia on celebrem les festes amb uns dinars i sopars ben bons. Per aix\u00f2, els nens i les nenes de P3 hem parat una taula de Nadal amb els seus plats, gots,&hellip;  <a href=\"https:\/\/agora.xtec.cat\/ceipsab\/educacio-infantil\/p3\/parem-una-taula-de-nadal\/\" title=\"Read PAREM UNA TAULA DE NADAL\">Llegeix m\u00e9s\u00bb<\/a><\/p>\n","protected":false},"author":1,"featured_media":4941,"comment_status":"open","ping_status":"closed","sticky":false,"template":"","format":"standard","meta":{"_bbp_topic_count":0,"_bbp_reply_count":0,"_bbp_total_topic_count":0,"_bbp_total_reply_count":0,"_bbp_voice_count":0,"_bbp_anonymous_reply_count":0,"_bbp_topic_count_hidden":0,"_bbp_reply_count_hidden":0,"_bbp_forum_subforum_count":0,"footnotes":""},"categories":[62,3],"tags":[],"class_list":["post-4940","post","type-post","status-publish","format-standard","has-post-thumbnail","hentry","category-educacio-infantil","category-p3"],"post_mailing_queue_ids":[],"_links":{"self":[{"href":"https:\/\/agora.xtec.cat\/ceipsab\/wp-json\/wp\/v2\/posts\/4940","targetHints":{"allow":["GET"]}}],"collection":[{"href":"https:\/\/agora.xtec.cat\/ceipsab\/wp-json\/wp\/v2\/posts"}],"about":[{"href":"https:\/\/agora.xtec.cat\/ceipsab\/wp-json\/wp\/v2\/types\/post"}],"author":[{"embeddable":true,"href":"https:\/\/agora.xtec.cat\/ceipsab\/wp-json\/wp\/v2\/users\/1"}],"replies":[{"embeddable":true,"href":"https:\/\/agora.xtec.cat\/ceipsab\/wp-json\/wp\/v2\/comments?post=4940"}],"version-history":[{"count":2,"href":"https:\/\/agora.xtec.cat\/ceipsab\/wp-json\/wp\/v2\/posts\/4940\/revisions"}],"predecessor-version":[{"id":4943,"href":"https:\/\/agora.xtec.cat\/ceipsab\/wp-json\/wp\/v2\/posts\/4940\/revisions\/4943"}],"wp:featuredmedia":[{"embeddable":true,"href":"https:\/\/agora.xtec.cat\/ceipsab\/wp-json\/wp\/v2\/media\/4941"}],"wp:attachment":[{"href":"https:\/\/agora.xtec.cat\/ceipsab\/wp-json\/wp\/v2\/media?parent=4940"}],"wp:term":[{"taxonomy":"category","embeddable":true,"href":"https:\/\/agora.xtec.cat\/ceipsab\/wp-json\/wp\/v2\/categories?post=4940"},{"taxonomy":"post_tag","embeddable":true,"href":"https:\/\/agora.xtec.cat\/ceipsab\/wp-json\/wp\/v2\/tags?post=4940"}],"curies":[{"name":"wp","href":"https:\/\/api.w.org\/{rel}","templated":true}]}}