{"id":4914,"date":"2019-12-11T21:35:31","date_gmt":"2019-12-11T20:35:31","guid":{"rendered":"http:\/\/agora.xtec.cat\/ceipsab\/?p=4914"},"modified":"2019-12-11T21:35:31","modified_gmt":"2019-12-11T20:35:31","slug":"anem-a-buscar-el-tio-5","status":"publish","type":"post","link":"https:\/\/agora.xtec.cat\/ceipsab\/educacio-infantil\/p5\/anem-a-buscar-el-tio-5\/","title":{"rendered":"ANEM A BUSCAR EL TI\u00d3!"},"content":{"rendered":"<p>Hola fam\u00edlies!<\/p>\n<p>El passat dilluns dia 9 els nens i nenes de P5 vam anar a buscar el Ti\u00f3! Feia dies que l&#8217;esper\u00e0vem a l&#8217;escola per\u00f2 com que no venia vam decidir sortir a buscar-lo!<\/p>\n<p>Juntament amb les nostres fam\u00edlies vam sortir al bosc del costat de l&#8217;escola&#8230; i despr\u00e9s de cridar-lo una bona estona per fi el vam trobar&#8230; mort de fred, i mort de gana!!<\/p>\n<p>Ara ja el tenim a l&#8217;escola i l&#8217;estem cuidant molt b\u00e9!<\/p>\n<p>Us deixem unes imatges de la sortida perqu\u00e8 ens pugueu veure! \ud83d\ude09<\/p>\n<p><a href=\"https:\/\/photos.app.goo.gl\/rG8ANMTop2ikQGAf8\"><img loading=\"lazy\" decoding=\"async\" class=\"alignnone  wp-image-4877\" src=\"https:\/\/agora.xtec.cat\/ceipsab\/wp-content\/uploads\/usu1011\/2019\/12\/tio.jpg\" alt=\"\" width=\"329\" height=\"299\" srcset=\"https:\/\/agora.xtec.cat\/ceipsab\/wp-content\/uploads\/usu1011\/2019\/12\/tio.jpg 880w, https:\/\/agora.xtec.cat\/ceipsab\/wp-content\/uploads\/usu1011\/2019\/12\/tio-300x273.jpg 300w, https:\/\/agora.xtec.cat\/ceipsab\/wp-content\/uploads\/usu1011\/2019\/12\/tio-768x698.jpg 768w\" sizes=\"auto, (max-width: 329px) 100vw, 329px\" \/><\/a><\/p>\n","protected":false},"excerpt":{"rendered":"<p>Hola fam\u00edlies!<br \/>\nEl passat dilluns dia 9 els nens i nenes de P5 vam anar a buscar el Ti\u00f3! Feia dies que l&#8217;esper\u00e0vem a l&#8217;escola per\u00f2 com que no venia vam decidir sortir a buscar-lo!<br \/>\nJuntament amb les nostres fam\u00edlies vam sortir al bosc del costat de&hellip;  <a href=\"https:\/\/agora.xtec.cat\/ceipsab\/educacio-infantil\/p5\/anem-a-buscar-el-tio-5\/\" title=\"Read ANEM A BUSCAR EL TI\u00d3!\">Llegeix m\u00e9s\u00bb<\/a><\/p>\n","protected":false},"author":1,"featured_media":4877,"comment_status":"open","ping_status":"closed","sticky":false,"template":"","format":"standard","meta":{"_bbp_topic_count":0,"_bbp_reply_count":0,"_bbp_total_topic_count":0,"_bbp_total_reply_count":0,"_bbp_voice_count":0,"_bbp_anonymous_reply_count":0,"_bbp_topic_count_hidden":0,"_bbp_reply_count_hidden":0,"_bbp_forum_subforum_count":0,"footnotes":""},"categories":[62,9],"tags":[],"class_list":["post-4914","post","type-post","status-publish","format-standard","has-post-thumbnail","hentry","category-educacio-infantil","category-p5"],"post_mailing_queue_ids":[],"_links":{"self":[{"href":"https:\/\/agora.xtec.cat\/ceipsab\/wp-json\/wp\/v2\/posts\/4914","targetHints":{"allow":["GET"]}}],"collection":[{"href":"https:\/\/agora.xtec.cat\/ceipsab\/wp-json\/wp\/v2\/posts"}],"about":[{"href":"https:\/\/agora.xtec.cat\/ceipsab\/wp-json\/wp\/v2\/types\/post"}],"author":[{"embeddable":true,"href":"https:\/\/agora.xtec.cat\/ceipsab\/wp-json\/wp\/v2\/users\/1"}],"replies":[{"embeddable":true,"href":"https:\/\/agora.xtec.cat\/ceipsab\/wp-json\/wp\/v2\/comments?post=4914"}],"version-history":[{"count":1,"href":"https:\/\/agora.xtec.cat\/ceipsab\/wp-json\/wp\/v2\/posts\/4914\/revisions"}],"predecessor-version":[{"id":4915,"href":"https:\/\/agora.xtec.cat\/ceipsab\/wp-json\/wp\/v2\/posts\/4914\/revisions\/4915"}],"wp:featuredmedia":[{"embeddable":true,"href":"https:\/\/agora.xtec.cat\/ceipsab\/wp-json\/wp\/v2\/media\/4877"}],"wp:attachment":[{"href":"https:\/\/agora.xtec.cat\/ceipsab\/wp-json\/wp\/v2\/media?parent=4914"}],"wp:term":[{"taxonomy":"category","embeddable":true,"href":"https:\/\/agora.xtec.cat\/ceipsab\/wp-json\/wp\/v2\/categories?post=4914"},{"taxonomy":"post_tag","embeddable":true,"href":"https:\/\/agora.xtec.cat\/ceipsab\/wp-json\/wp\/v2\/tags?post=4914"}],"curies":[{"name":"wp","href":"https:\/\/api.w.org\/{rel}","templated":true}]}}