{"id":4872,"date":"2019-12-16T23:02:10","date_gmt":"2019-12-16T22:02:10","guid":{"rendered":"http:\/\/agora.xtec.cat\/ceipsab\/?p=4872"},"modified":"2019-12-16T23:05:25","modified_gmt":"2019-12-16T22:05:25","slug":"patis-familia-escola","status":"publish","type":"post","link":"https:\/\/agora.xtec.cat\/ceipsab\/educacio-infantil\/p5\/general\/patis-familia-escola\/","title":{"rendered":"Patis Fam\u00edlia &#8211; Escola"},"content":{"rendered":"<p>Dissabte 30 de novembre de 2019 vam gaudir d&#8217;un gran dia de tota la comunitat educativa dibuixant nous jocs al terra i parets del pati de l&#8217;escola. A m\u00e9s ens han preparat unes cuinetes per jugar!!<\/p>\n<p>Vam passar-ho d&#8217;all\u00f2 m\u00e9s b\u00e9 i vam poder gaudir d&#8217;un descans amb l&#8217;esmorzar que ens va preparar l&#8217;AMPA.<\/p>\n<p>Us deixem aqu\u00ed el video de la festa.<\/p>\n<p><iframe loading=\"lazy\" title=\"Patis Fami\u0301lia   Escola 2019\" width=\"500\" height=\"281\" src=\"https:\/\/www.youtube.com\/embed\/hHf9naCQ_p0?feature=oembed\" frameborder=\"0\" allow=\"accelerometer; autoplay; clipboard-write; encrypted-media; gyroscope; picture-in-picture; web-share\" referrerpolicy=\"strict-origin-when-cross-origin\" allowfullscreen><\/iframe><\/p>\n<p>Junts som imparables!! Gr\u00e0cies per venir!!<\/p>\n","protected":false},"excerpt":{"rendered":"<p>Dissabte 30 de novembre de 2019 vam gaudir d&#8217;un gran dia de tota la comunitat educativa dibuixant nous jocs al terra i parets del pati de l&#8217;escola. A m\u00e9s ens han preparat unes cuinetes per jugar!!<br \/>\nVam passar-ho d&#8217;all\u00f2 m\u00e9s b\u00e9 i vam poder gaudir d&#8217;un&hellip;  <a href=\"https:\/\/agora.xtec.cat\/ceipsab\/educacio-infantil\/p5\/general\/patis-familia-escola\/\" title=\"Read Patis Fam\u00edlia &#8211; Escola\">Llegeix m\u00e9s\u00bb<\/a><\/p>\n","protected":false},"author":17,"featured_media":4873,"comment_status":"open","ping_status":"closed","sticky":false,"template":"","format":"standard","meta":{"_bbp_topic_count":0,"_bbp_reply_count":0,"_bbp_total_topic_count":0,"_bbp_total_reply_count":0,"_bbp_voice_count":0,"_bbp_anonymous_reply_count":0,"_bbp_topic_count_hidden":0,"_bbp_reply_count_hidden":0,"_bbp_forum_subforum_count":0,"footnotes":""},"categories":[1,4],"tags":[],"class_list":["post-4872","post","type-post","status-publish","format-standard","has-post-thumbnail","hentry","category-general","category-portada"],"post_mailing_queue_ids":[],"_links":{"self":[{"href":"https:\/\/agora.xtec.cat\/ceipsab\/wp-json\/wp\/v2\/posts\/4872","targetHints":{"allow":["GET"]}}],"collection":[{"href":"https:\/\/agora.xtec.cat\/ceipsab\/wp-json\/wp\/v2\/posts"}],"about":[{"href":"https:\/\/agora.xtec.cat\/ceipsab\/wp-json\/wp\/v2\/types\/post"}],"author":[{"embeddable":true,"href":"https:\/\/agora.xtec.cat\/ceipsab\/wp-json\/wp\/v2\/users\/17"}],"replies":[{"embeddable":true,"href":"https:\/\/agora.xtec.cat\/ceipsab\/wp-json\/wp\/v2\/comments?post=4872"}],"version-history":[{"count":2,"href":"https:\/\/agora.xtec.cat\/ceipsab\/wp-json\/wp\/v2\/posts\/4872\/revisions"}],"predecessor-version":[{"id":4954,"href":"https:\/\/agora.xtec.cat\/ceipsab\/wp-json\/wp\/v2\/posts\/4872\/revisions\/4954"}],"wp:featuredmedia":[{"embeddable":true,"href":"https:\/\/agora.xtec.cat\/ceipsab\/wp-json\/wp\/v2\/media\/4873"}],"wp:attachment":[{"href":"https:\/\/agora.xtec.cat\/ceipsab\/wp-json\/wp\/v2\/media?parent=4872"}],"wp:term":[{"taxonomy":"category","embeddable":true,"href":"https:\/\/agora.xtec.cat\/ceipsab\/wp-json\/wp\/v2\/categories?post=4872"},{"taxonomy":"post_tag","embeddable":true,"href":"https:\/\/agora.xtec.cat\/ceipsab\/wp-json\/wp\/v2\/tags?post=4872"}],"curies":[{"name":"wp","href":"https:\/\/api.w.org\/{rel}","templated":true}]}}