{"id":4858,"date":"2019-12-01T21:05:21","date_gmt":"2019-12-01T20:05:21","guid":{"rendered":"http:\/\/agora.xtec.cat\/ceipsab\/?p=4858"},"modified":"2019-12-01T21:05:21","modified_gmt":"2019-12-01T20:05:21","slug":"escrivim-una-carta-a-gretta-thunberg","status":"publish","type":"post","link":"https:\/\/agora.xtec.cat\/ceipsab\/portada\/escrivim-una-carta-a-gretta-thunberg\/","title":{"rendered":"Escrivim una carta a Gretta Thunberg"},"content":{"rendered":"<p>Durant aquest trimestre , a l&#8217;hora de catal\u00e0, els i les alumnes de segon hem estat treballant com s&#8217;elabora una carta. Hem apr\u00e8s quines s\u00f3n les parts de la carta, com es fan les salutacions, com la hem d&#8217;escriure, l&#8217;acomiadament&#8230;.<\/p>\n<p>I a l&#8217;\u00e0rea de Medi vam estar treballant els problemes que la contaminaci\u00f3 genera en el nostre entorn, aix\u00ed com a la nostra pr\u00f2pia salut.<\/p>\n<p>D&#8217;aquesta manera vam decidir, que com vol\u00edem ajudar a salvar el nostre planeta del efectes negatius de la contaminaci\u00f3, vol\u00edem saber que pod\u00edem fer nosaltres. Se&#8217;ns van oc\u00f2rrer diferents petites coses, com evitar el pl\u00e0stic, reciclar les escombraries, no embolicar els entrepans en paper d&#8217;alumini&#8230;.<\/p>\n<p>Per\u00f2 com que encara vol\u00edem saber m\u00e9s coses , vam decidir escriure una carta , ara que ja ho sab\u00edem fer, a una persona o organitzaci\u00f3 que ens pogu\u00e9s donar encara m\u00e9s idees. Aix\u00ed, va sortir la possibilitat d&#8217;enviar-la a una nena molt coneguda com a activista medi ambiental, la sueca GRETTA THUNBERG. Vam veure un v\u00eddeo que ens va explicar qui era aquesta nena, i entre la dues classes\u00a0 i amb molt d&#8217;esfor\u00e7, vam elaborar una carta per enviar-li.<\/p>\n<p>Aqui teniu el proc\u00e9s de com ho hem anat fent.<\/p>\n<p>Esperem que la Gretta pugui llegir-la i ens la pugui contestar.<\/p>\n<p>&nbsp;<\/p>\n<p><a href=\"https:\/\/photos.app.goo.gl\/Vcb3w16K2kzakE1fA\"><img loading=\"lazy\" decoding=\"async\" class=\"aligncenter\" src=\"https:\/\/www.dagsavisen.no\/image\/policy:1.1590455:1569396645\/image.jpg?f=16x9&amp;w=1600&amp;$p$f$w=9380a83\" alt=\"Imagen relacionada\" width=\"363\" height=\"204\" \/><\/a><\/p>\n","protected":false},"excerpt":{"rendered":"<p>Durant aquest trimestre , a l&#8217;hora de catal\u00e0, els i les alumnes de segon hem estat treballant com s&#8217;elabora una carta. Hem apr\u00e8s quines s\u00f3n les parts de la carta, com es fan les salutacions, com la hem d&#8217;escriure, l&#8217;acomiadament&#8230;.<br \/>\nI a l&#8217;\u00e0rea de Medi vam&hellip;  <a href=\"https:\/\/agora.xtec.cat\/ceipsab\/portada\/escrivim-una-carta-a-gretta-thunberg\/\" title=\"Read Escrivim una carta a Gretta Thunberg\">Llegeix m\u00e9s\u00bb<\/a><\/p>\n","protected":false},"author":1,"featured_media":0,"comment_status":"open","ping_status":"closed","sticky":false,"template":"","format":"standard","meta":{"_bbp_topic_count":0,"_bbp_reply_count":0,"_bbp_total_topic_count":0,"_bbp_total_reply_count":0,"_bbp_voice_count":0,"_bbp_anonymous_reply_count":0,"_bbp_topic_count_hidden":0,"_bbp_reply_count_hidden":0,"_bbp_forum_subforum_count":0,"footnotes":""},"categories":[11,63,5,4],"tags":[],"class_list":["post-4858","post","type-post","status-publish","format-standard","hentry","category-2n","category-cicle-inicial","category-primaria","category-portada"],"post_mailing_queue_ids":[],"_links":{"self":[{"href":"https:\/\/agora.xtec.cat\/ceipsab\/wp-json\/wp\/v2\/posts\/4858","targetHints":{"allow":["GET"]}}],"collection":[{"href":"https:\/\/agora.xtec.cat\/ceipsab\/wp-json\/wp\/v2\/posts"}],"about":[{"href":"https:\/\/agora.xtec.cat\/ceipsab\/wp-json\/wp\/v2\/types\/post"}],"author":[{"embeddable":true,"href":"https:\/\/agora.xtec.cat\/ceipsab\/wp-json\/wp\/v2\/users\/1"}],"replies":[{"embeddable":true,"href":"https:\/\/agora.xtec.cat\/ceipsab\/wp-json\/wp\/v2\/comments?post=4858"}],"version-history":[{"count":1,"href":"https:\/\/agora.xtec.cat\/ceipsab\/wp-json\/wp\/v2\/posts\/4858\/revisions"}],"predecessor-version":[{"id":4859,"href":"https:\/\/agora.xtec.cat\/ceipsab\/wp-json\/wp\/v2\/posts\/4858\/revisions\/4859"}],"wp:attachment":[{"href":"https:\/\/agora.xtec.cat\/ceipsab\/wp-json\/wp\/v2\/media?parent=4858"}],"wp:term":[{"taxonomy":"category","embeddable":true,"href":"https:\/\/agora.xtec.cat\/ceipsab\/wp-json\/wp\/v2\/categories?post=4858"},{"taxonomy":"post_tag","embeddable":true,"href":"https:\/\/agora.xtec.cat\/ceipsab\/wp-json\/wp\/v2\/tags?post=4858"}],"curies":[{"name":"wp","href":"https:\/\/api.w.org\/{rel}","templated":true}]}}