{"id":4850,"date":"2019-11-27T14:06:41","date_gmt":"2019-11-27T13:06:41","guid":{"rendered":"http:\/\/agora.xtec.cat\/ceipsab\/?p=4850"},"modified":"2019-11-27T14:06:41","modified_gmt":"2019-11-27T13:06:41","slug":"sortida-al-montseny","status":"publish","type":"post","link":"https:\/\/agora.xtec.cat\/ceipsab\/educacio-infantil\/p5\/sortida-al-montseny\/","title":{"rendered":"SORTIDA AL MONTSENY!"},"content":{"rendered":"<p>Hola fam\u00edlies!<\/p>\n<p>Ahir dimarts dia 26 de novembre, els nens i nenes de P5 vam anar d&#8217;excursi\u00f3 al Montseny per veure la tardor!<\/p>\n<p>All\u00e0 vam descobrir moltes coses relacionades amb la tardor com ara diferents arbres: els roures, les alzines, els castanyers&#8230;. Tamb\u00e9 ens vam trobar amb la fada de la Tardor i com que havia perdut la vareta m\u00e0gica per culpa d&#8217;uns follets entremaliats, la vam ajudar a trobar-la.<\/p>\n<p>Finalment tamb\u00e9 vam descobrir molts animals com els conills, els em\u00fas, els porcs, les cabres, els cavalls&#8230;. i fins i tot en va poder tocar algun.<\/p>\n<p>Ens ho vam passar d&#8217;all\u00f2 m\u00e9s b\u00e9! Ens voleu veure?<\/p>\n<p><a href=\"https:\/\/photos.app.goo.gl\/hnJNygggkxy3yV2N9\"><img loading=\"lazy\" decoding=\"async\" class=\"\" src=\"https:\/\/lh3.googleusercontent.com\/s0wyawlun_WqXyAAJPMkPUGVsHFj1PpnWWvyJSY7yb2VZzkgGIkqngsVzNF_cXPcZ4UAGPqe1NrC4ROq4NWFFTDPQxUnhWDu_eTXnkOZvJG9AmDz3jkTpDLBPeKGItwnJ8KyJwHM4Ue4ImWdRGm-amEzq1l7ReiViQYW_rgusJ15sKiUAJtoVKdHp23LLJEmxlD56ffvmsDDynLkfN6fK3RPpKI8GCD06TPck4YRkOXbP4mDvw6xjGZSNBktBnQZR-qXbtL2O1Wwo-vMpAMXU2vwWKPxcxaUlyngoqGYgEcaVlSlqsSKTb8jNgfd5ZhQLmHUbuuSuvxPljVYkzJ3hWL4X0e-ifnxBaxO2peGX-esvuo0OIZ7fnW31oqqIJpfyWhbk9HWJo6Ufy1dcMQdvU2E3oniyijJNRFNz2kCSAMDEpebGam0DP0J8qx_nijXhTPWAYqGjRFqfb56BDoINSasRoVdogjhIF030Bgg8yAF5URui1V0dEnlr-2bETIi4P8qsu_cpS5ZlrktlHnFtwG1ztYjssBfmj57P31zAqB_awvyHMRdxVmBfVwpNRoQynKAkQrlzay7dwl_u9dISXkj9UXLkU0fM9Qn11Glsd5qiFyCLY_DFuhPL1O7OPPGMijCUVzk5FK8YtFyY8vP5Jhaa1sfekE1LVLb7gnhpdfDqD-IIKTcjgM=w876-h657-no\" width=\"444\" height=\"333\" \/><\/a><\/p>\n","protected":false},"excerpt":{"rendered":"<p>Hola fam\u00edlies!<br \/>\nAhir dimarts dia 26 de novembre, els nens i nenes de P5 vam anar d&#8217;excursi\u00f3 al Montseny per veure la tardor!<br \/>\nAll\u00e0 vam descobrir moltes coses relacionades amb la tardor com ara diferents arbres: els roures, les alzines, els castanyers&#8230;. Tamb\u00e9 ens vam trobar amb&hellip;  <a href=\"https:\/\/agora.xtec.cat\/ceipsab\/educacio-infantil\/p5\/sortida-al-montseny\/\" title=\"Read SORTIDA AL MONTSENY!\">Llegeix m\u00e9s\u00bb<\/a><\/p>\n","protected":false},"author":1,"featured_media":4851,"comment_status":"open","ping_status":"closed","sticky":false,"template":"","format":"standard","meta":{"_bbp_topic_count":0,"_bbp_reply_count":0,"_bbp_total_topic_count":0,"_bbp_total_reply_count":0,"_bbp_voice_count":0,"_bbp_anonymous_reply_count":0,"_bbp_topic_count_hidden":0,"_bbp_reply_count_hidden":0,"_bbp_forum_subforum_count":0,"footnotes":""},"categories":[62,9],"tags":[],"class_list":["post-4850","post","type-post","status-publish","format-standard","has-post-thumbnail","hentry","category-educacio-infantil","category-p5"],"post_mailing_queue_ids":[],"_links":{"self":[{"href":"https:\/\/agora.xtec.cat\/ceipsab\/wp-json\/wp\/v2\/posts\/4850","targetHints":{"allow":["GET"]}}],"collection":[{"href":"https:\/\/agora.xtec.cat\/ceipsab\/wp-json\/wp\/v2\/posts"}],"about":[{"href":"https:\/\/agora.xtec.cat\/ceipsab\/wp-json\/wp\/v2\/types\/post"}],"author":[{"embeddable":true,"href":"https:\/\/agora.xtec.cat\/ceipsab\/wp-json\/wp\/v2\/users\/1"}],"replies":[{"embeddable":true,"href":"https:\/\/agora.xtec.cat\/ceipsab\/wp-json\/wp\/v2\/comments?post=4850"}],"version-history":[{"count":1,"href":"https:\/\/agora.xtec.cat\/ceipsab\/wp-json\/wp\/v2\/posts\/4850\/revisions"}],"predecessor-version":[{"id":4852,"href":"https:\/\/agora.xtec.cat\/ceipsab\/wp-json\/wp\/v2\/posts\/4850\/revisions\/4852"}],"wp:featuredmedia":[{"embeddable":true,"href":"https:\/\/agora.xtec.cat\/ceipsab\/wp-json\/wp\/v2\/media\/4851"}],"wp:attachment":[{"href":"https:\/\/agora.xtec.cat\/ceipsab\/wp-json\/wp\/v2\/media?parent=4850"}],"wp:term":[{"taxonomy":"category","embeddable":true,"href":"https:\/\/agora.xtec.cat\/ceipsab\/wp-json\/wp\/v2\/categories?post=4850"},{"taxonomy":"post_tag","embeddable":true,"href":"https:\/\/agora.xtec.cat\/ceipsab\/wp-json\/wp\/v2\/tags?post=4850"}],"curies":[{"name":"wp","href":"https:\/\/api.w.org\/{rel}","templated":true}]}}