{"id":4835,"date":"2019-11-22T22:15:10","date_gmt":"2019-11-22T21:15:10","guid":{"rendered":"http:\/\/agora.xtec.cat\/ceipsab\/?p=4835"},"modified":"2019-11-22T22:15:10","modified_gmt":"2019-11-22T21:15:10","slug":"tastem-i-estampem-fruits-de-la-tardor","status":"publish","type":"post","link":"https:\/\/agora.xtec.cat\/ceipsab\/educacio-infantil\/p3\/tastem-i-estampem-fruits-de-la-tardor\/","title":{"rendered":"TASTEM I ESTAMPEM FRUITS DE LA TARDOR"},"content":{"rendered":"<p>Hola fam\u00edlies!<\/p>\n<p>Com ja us vam explicar, li hem donat la benvinguda a la tardor i, per aix\u00f2, hem fet un petit tastet dels fruits que ens proporciona aquesta \u00e8poca de l&#8217;any. Per fer-ho ens hem ajuntat les vaques i els patufets i hem tastat ra\u00efm de dos colors, magranes, moniatos i mandarines. Mmmm qu\u00e8 bo!<\/p>\n<p>Aprofitant aquests fruits, hem fet estampaci\u00f3 amb moniatos i magranes, qu\u00e8 divertit!<\/p>\n<p>Ens voleu veure?<\/p>\n<p><a href=\"https:\/\/photos.app.goo.gl\/d7PT4MaKVBgaoYD9A\"><img loading=\"lazy\" decoding=\"async\" class=\"aligncenter wp-image-4836 \" src=\"https:\/\/agora.xtec.cat\/ceipsab\/wp-content\/uploads\/usu1011\/2019\/11\/IMG_7103.jpg\" alt=\"\" width=\"230\" height=\"307\" srcset=\"https:\/\/agora.xtec.cat\/ceipsab\/wp-content\/uploads\/usu1011\/2019\/11\/IMG_7103.jpg 469w, https:\/\/agora.xtec.cat\/ceipsab\/wp-content\/uploads\/usu1011\/2019\/11\/IMG_7103-225x300.jpg 225w\" sizes=\"auto, (max-width: 230px) 100vw, 230px\" \/><\/a><\/p>\n","protected":false},"excerpt":{"rendered":"<p>Hola fam\u00edlies!<br \/>\nCom ja us vam explicar, li hem donat la benvinguda a la tardor i, per aix\u00f2, hem fet un petit tastet dels fruits que ens proporciona aquesta \u00e8poca de l&#8217;any. Per fer-ho ens hem ajuntat les vaques i els patufets i hem tastat ra\u00efm&hellip;  <a href=\"https:\/\/agora.xtec.cat\/ceipsab\/educacio-infantil\/p3\/tastem-i-estampem-fruits-de-la-tardor\/\" title=\"Read TASTEM I ESTAMPEM FRUITS DE LA TARDOR\">Llegeix m\u00e9s\u00bb<\/a><\/p>\n","protected":false},"author":1,"featured_media":4836,"comment_status":"open","ping_status":"closed","sticky":false,"template":"","format":"standard","meta":{"_bbp_topic_count":0,"_bbp_reply_count":0,"_bbp_total_topic_count":0,"_bbp_total_reply_count":0,"_bbp_voice_count":0,"_bbp_anonymous_reply_count":0,"_bbp_topic_count_hidden":0,"_bbp_reply_count_hidden":0,"_bbp_forum_subforum_count":0,"footnotes":""},"categories":[62,3],"tags":[],"class_list":["post-4835","post","type-post","status-publish","format-standard","has-post-thumbnail","hentry","category-educacio-infantil","category-p3"],"post_mailing_queue_ids":[],"_links":{"self":[{"href":"https:\/\/agora.xtec.cat\/ceipsab\/wp-json\/wp\/v2\/posts\/4835","targetHints":{"allow":["GET"]}}],"collection":[{"href":"https:\/\/agora.xtec.cat\/ceipsab\/wp-json\/wp\/v2\/posts"}],"about":[{"href":"https:\/\/agora.xtec.cat\/ceipsab\/wp-json\/wp\/v2\/types\/post"}],"author":[{"embeddable":true,"href":"https:\/\/agora.xtec.cat\/ceipsab\/wp-json\/wp\/v2\/users\/1"}],"replies":[{"embeddable":true,"href":"https:\/\/agora.xtec.cat\/ceipsab\/wp-json\/wp\/v2\/comments?post=4835"}],"version-history":[{"count":1,"href":"https:\/\/agora.xtec.cat\/ceipsab\/wp-json\/wp\/v2\/posts\/4835\/revisions"}],"predecessor-version":[{"id":4837,"href":"https:\/\/agora.xtec.cat\/ceipsab\/wp-json\/wp\/v2\/posts\/4835\/revisions\/4837"}],"wp:featuredmedia":[{"embeddable":true,"href":"https:\/\/agora.xtec.cat\/ceipsab\/wp-json\/wp\/v2\/media\/4836"}],"wp:attachment":[{"href":"https:\/\/agora.xtec.cat\/ceipsab\/wp-json\/wp\/v2\/media?parent=4835"}],"wp:term":[{"taxonomy":"category","embeddable":true,"href":"https:\/\/agora.xtec.cat\/ceipsab\/wp-json\/wp\/v2\/categories?post=4835"},{"taxonomy":"post_tag","embeddable":true,"href":"https:\/\/agora.xtec.cat\/ceipsab\/wp-json\/wp\/v2\/tags?post=4835"}],"curies":[{"name":"wp","href":"https:\/\/api.w.org\/{rel}","templated":true}]}}