{"id":4756,"date":"2019-11-08T11:20:46","date_gmt":"2019-11-08T10:20:46","guid":{"rendered":"http:\/\/agora.xtec.cat\/ceipsab\/?p=4756"},"modified":"2019-11-08T11:33:59","modified_gmt":"2019-11-08T10:33:59","slug":"la-castanyada-a-educacio-infantil","status":"publish","type":"post","link":"https:\/\/agora.xtec.cat\/ceipsab\/portada\/la-castanyada-a-educacio-infantil\/","title":{"rendered":"La Castanyada a Educaci\u00f3 Infantil"},"content":{"rendered":"<p>Aquest any tamb\u00e9 han arribat a Infantil el Castanyer i la Castanyera, que han baixat de la muntanya amb els cistells ben plens de castanyes torrades.<\/p>\n<p>Nosaltres les hem rebut amb molta il\u00b7lusi\u00f3 i hem cantat i ballat amb elles les can\u00e7ons de la tardor que hem apr\u00e8s.<\/p>\n<p>Moltes gr\u00e0cies senyores Castanyeres i fins l\u2019any que ve!<\/p>\n<p><a href=\"https:\/\/photos.app.goo.gl\/veAohLh9oCYzzCXj9\" target=\"_blank\" rel=\"noopener noreferrer\"><img loading=\"lazy\" decoding=\"async\" class=\"aligncenter wp-image-4757 \" src=\"https:\/\/agora.xtec.cat\/ceipsab\/wp-content\/uploads\/usu1011\/2019\/11\/castanyada-2019-150x150.jpg\" alt=\"\" width=\"209\" height=\"209\" \/><\/a><\/p>\n","protected":false},"excerpt":{"rendered":"<p>Aquest any tamb\u00e9 han arribat a Infantil el Castanyer i la Castanyera, que han baixat de la muntanya amb els cistells ben plens de castanyes torrades.<br \/>\nNosaltres les hem rebut amb molta il\u00b7lusi\u00f3 i hem cantat i ballat amb elles les can\u00e7ons de la tardor que&hellip;  <a href=\"https:\/\/agora.xtec.cat\/ceipsab\/portada\/la-castanyada-a-educacio-infantil\/\" title=\"Read La Castanyada a Educaci\u00f3 Infantil\">Llegeix m\u00e9s\u00bb<\/a><\/p>\n","protected":false},"author":3,"featured_media":4757,"comment_status":"closed","ping_status":"closed","sticky":false,"template":"","format":"standard","meta":{"_bbp_topic_count":0,"_bbp_reply_count":0,"_bbp_total_topic_count":0,"_bbp_total_reply_count":0,"_bbp_voice_count":0,"_bbp_anonymous_reply_count":0,"_bbp_topic_count_hidden":0,"_bbp_reply_count_hidden":0,"_bbp_forum_subforum_count":0,"footnotes":""},"categories":[62,4],"tags":[],"class_list":["post-4756","post","type-post","status-publish","format-standard","has-post-thumbnail","hentry","category-educacio-infantil","category-portada"],"post_mailing_queue_ids":[],"_links":{"self":[{"href":"https:\/\/agora.xtec.cat\/ceipsab\/wp-json\/wp\/v2\/posts\/4756","targetHints":{"allow":["GET"]}}],"collection":[{"href":"https:\/\/agora.xtec.cat\/ceipsab\/wp-json\/wp\/v2\/posts"}],"about":[{"href":"https:\/\/agora.xtec.cat\/ceipsab\/wp-json\/wp\/v2\/types\/post"}],"author":[{"embeddable":true,"href":"https:\/\/agora.xtec.cat\/ceipsab\/wp-json\/wp\/v2\/users\/3"}],"replies":[{"embeddable":true,"href":"https:\/\/agora.xtec.cat\/ceipsab\/wp-json\/wp\/v2\/comments?post=4756"}],"version-history":[{"count":2,"href":"https:\/\/agora.xtec.cat\/ceipsab\/wp-json\/wp\/v2\/posts\/4756\/revisions"}],"predecessor-version":[{"id":4759,"href":"https:\/\/agora.xtec.cat\/ceipsab\/wp-json\/wp\/v2\/posts\/4756\/revisions\/4759"}],"wp:featuredmedia":[{"embeddable":true,"href":"https:\/\/agora.xtec.cat\/ceipsab\/wp-json\/wp\/v2\/media\/4757"}],"wp:attachment":[{"href":"https:\/\/agora.xtec.cat\/ceipsab\/wp-json\/wp\/v2\/media?parent=4756"}],"wp:term":[{"taxonomy":"category","embeddable":true,"href":"https:\/\/agora.xtec.cat\/ceipsab\/wp-json\/wp\/v2\/categories?post=4756"},{"taxonomy":"post_tag","embeddable":true,"href":"https:\/\/agora.xtec.cat\/ceipsab\/wp-json\/wp\/v2\/tags?post=4756"}],"curies":[{"name":"wp","href":"https:\/\/api.w.org\/{rel}","templated":true}]}}