{"id":4736,"date":"2019-11-06T12:07:41","date_gmt":"2019-11-06T11:07:41","guid":{"rendered":"http:\/\/agora.xtec.cat\/ceipsab\/?p=4736"},"modified":"2019-11-07T08:59:16","modified_gmt":"2019-11-07T07:59:16","slug":"fotos-4t-racons-de-mates","status":"publish","type":"post","link":"https:\/\/agora.xtec.cat\/ceipsab\/primaria\/cicle-mitja\/4t\/fotos-4t-racons-de-mates\/","title":{"rendered":"FOTOS 4t Racons de Mates"},"content":{"rendered":"<p>A continuaci\u00f3 podreu visualitzar imatges de les activitats de mates que fan els vostres fills i filles cada dimarts despr\u00e9s del pati. S\u00f3n activitats amb les que s&#8217;ho passen molt b\u00e9 i a la vegada pensen i aprenen.<\/p>\n<p><a href=\"https:\/\/photos.app.goo.gl\/m4ULRhVrt5vKMiPB8\"><img loading=\"lazy\" decoding=\"async\" class=\"alignnone size-full wp-image-4737\" src=\"https:\/\/agora.xtec.cat\/ceipsab\/wp-content\/uploads\/usu1011\/2019\/11\/jocdelesmatematiques_515x300.fw_.png\" alt=\"\" width=\"512\" height=\"298\" srcset=\"https:\/\/agora.xtec.cat\/ceipsab\/wp-content\/uploads\/usu1011\/2019\/11\/jocdelesmatematiques_515x300.fw_.png 512w, https:\/\/agora.xtec.cat\/ceipsab\/wp-content\/uploads\/usu1011\/2019\/11\/jocdelesmatematiques_515x300.fw_-300x175.png 300w\" sizes=\"auto, (max-width: 512px) 100vw, 512px\" \/><\/a><\/p>\n","protected":false},"excerpt":{"rendered":"<p>A continuaci\u00f3 podreu visualitzar imatges de les activitats de mates que fan els vostres fills i filles cada dimarts despr\u00e9s del pati. S\u00f3n activitats amb les que s&#8217;ho passen molt b\u00e9 i a la vegada pensen i aprenen.<br \/>\n<a href=\"https:\/\/photos.app.goo.gl\/m4ULRhVrt5vKMiPB8\"><\/a><\/p>\n","protected":false},"author":44,"featured_media":4737,"comment_status":"open","ping_status":"closed","sticky":false,"template":"","format":"standard","meta":{"_bbp_topic_count":0,"_bbp_reply_count":0,"_bbp_total_topic_count":0,"_bbp_total_reply_count":0,"_bbp_voice_count":0,"_bbp_anonymous_reply_count":0,"_bbp_topic_count_hidden":0,"_bbp_reply_count_hidden":0,"_bbp_forum_subforum_count":0,"footnotes":""},"categories":[13,64],"tags":[96,104,185,186],"class_list":["post-4736","post","type-post","status-publish","format-standard","has-post-thumbnail","hentry","category-4t","category-cicle-mitja","tag-4t","tag-ciclemitja","tag-raconsdemates","tag-superguai"],"post_mailing_queue_ids":[],"_links":{"self":[{"href":"https:\/\/agora.xtec.cat\/ceipsab\/wp-json\/wp\/v2\/posts\/4736","targetHints":{"allow":["GET"]}}],"collection":[{"href":"https:\/\/agora.xtec.cat\/ceipsab\/wp-json\/wp\/v2\/posts"}],"about":[{"href":"https:\/\/agora.xtec.cat\/ceipsab\/wp-json\/wp\/v2\/types\/post"}],"author":[{"embeddable":true,"href":"https:\/\/agora.xtec.cat\/ceipsab\/wp-json\/wp\/v2\/users\/44"}],"replies":[{"embeddable":true,"href":"https:\/\/agora.xtec.cat\/ceipsab\/wp-json\/wp\/v2\/comments?post=4736"}],"version-history":[{"count":1,"href":"https:\/\/agora.xtec.cat\/ceipsab\/wp-json\/wp\/v2\/posts\/4736\/revisions"}],"predecessor-version":[{"id":4738,"href":"https:\/\/agora.xtec.cat\/ceipsab\/wp-json\/wp\/v2\/posts\/4736\/revisions\/4738"}],"wp:featuredmedia":[{"embeddable":true,"href":"https:\/\/agora.xtec.cat\/ceipsab\/wp-json\/wp\/v2\/media\/4737"}],"wp:attachment":[{"href":"https:\/\/agora.xtec.cat\/ceipsab\/wp-json\/wp\/v2\/media?parent=4736"}],"wp:term":[{"taxonomy":"category","embeddable":true,"href":"https:\/\/agora.xtec.cat\/ceipsab\/wp-json\/wp\/v2\/categories?post=4736"},{"taxonomy":"post_tag","embeddable":true,"href":"https:\/\/agora.xtec.cat\/ceipsab\/wp-json\/wp\/v2\/tags?post=4736"}],"curies":[{"name":"wp","href":"https:\/\/api.w.org\/{rel}","templated":true}]}}