{"id":4720,"date":"2019-11-04T18:25:35","date_gmt":"2019-11-04T17:25:35","guid":{"rendered":"http:\/\/agora.xtec.cat\/ceipsab\/?p=4720"},"modified":"2019-11-04T18:44:28","modified_gmt":"2019-11-04T17:44:28","slug":"les-fulles-de-la-tardor","status":"publish","type":"post","link":"https:\/\/agora.xtec.cat\/ceipsab\/educacio-infantil\/p3\/les-fulles-de-la-tardor\/","title":{"rendered":"LES FULLES DE LA TARDOR"},"content":{"rendered":"<p>Hola fam\u00edlies!<\/p>\n<p>Aprofitant les fulles que heu portat a l\u2019aula, li hem donat la benvinguda a la tardor fent una petita festa amb pluja de fulles seques. Ens ho hem passat d\u2019all\u00f2 m\u00e9s b\u00e9, hem trencat fulles, hem fet angelets&#8230;<\/p>\n<div class=\"RY3tic\" data-latest-bg=\"https:\/\/lh3.googleusercontent.com\/A4-rWrx5ZIdk9jhD0s47U-gSgESsgtwJtqTYp_aVb76P-6p7JTqOe_9HdsleLEhqcpJ4e3mJadP_j27q53Ej3Ot7fDxS0JE1IXrqM0i78AH2VQb50YxiAlh9gV6fJxpk_eH4LqsV8nRITM-3Mji9101i4ninMzrFdVuTmbgjgEiCw-wjWTbGswW55f2SrLqd-sK7-aOMLAohFFzs87SQCkQirnKlxavd_2OhflhaJ1o2AWJkLnJYrWft9MbN1ZpG-r5T2hQx9byDb24mKiuC68vbN-KhDNnjOU-9K8oMh-NwGp-TKl3xGPoBKYpfi-Pzwt54a5bqVfV-Kv6dFOWJVCAlRr2nvO8r2OpW76t4zWBNEurxL5hQoK85aHbtMYKlCK_uNk3YZuXcgHzdyfOPdYHrEGrfuRoITFbrxALQDPBZDkpmx4OuNTcPAj7P1-42vAMpFNQhvF8HkOtZPYd4JyLkucZu6Q4HQT-o4Dl8dEfUbPJ7eumB6XRbaJwyuwSvlVEY9TpMirhUwMMlRm0Ko2haMV-3Jo35Qsag0kSzWhNiQ1Dc3GgSfQz5FWodJhTSrNtbKW-lylHy45Zflkthn3QciRtythYlo4UOmD8T4aMvMBHq6GM3oc1QIoZlO9-WfISHv8iexttmLIu6e_vFECCmKr1VEex2ryqIdZv82mB-sikaKdHhErk=w436-h328-no\">\n<div class=\"eGiHwc\" aria-hidden=\"true\">Us deixem unes fotos a continuaci\u00f3:<\/div>\n<div class=\"KYCEmd\" aria-hidden=\"true\"><\/div>\n<\/div>\n<p><a href=\"https:\/\/photos.app.goo.gl\/XoX2V5DwNHV8HFoX8\"><img loading=\"lazy\" decoding=\"async\" class=\"alignnone wp-image-4721\" src=\"https:\/\/agora.xtec.cat\/ceipsab\/wp-content\/uploads\/usu1011\/2019\/11\/IMG_20191016_095131.jpg\" alt=\"\" width=\"562\" height=\"422\" srcset=\"https:\/\/agora.xtec.cat\/ceipsab\/wp-content\/uploads\/usu1011\/2019\/11\/IMG_20191016_095131.jpg 833w, https:\/\/agora.xtec.cat\/ceipsab\/wp-content\/uploads\/usu1011\/2019\/11\/IMG_20191016_095131-300x225.jpg 300w, https:\/\/agora.xtec.cat\/ceipsab\/wp-content\/uploads\/usu1011\/2019\/11\/IMG_20191016_095131-768x576.jpg 768w, https:\/\/agora.xtec.cat\/ceipsab\/wp-content\/uploads\/usu1011\/2019\/11\/IMG_20191016_095131-200x150.jpg 200w\" sizes=\"auto, (max-width: 562px) 100vw, 562px\" \/><\/a><\/p>\n","protected":false},"excerpt":{"rendered":"<p>Hola fam\u00edlies!<br \/>\nAprofitant les fulles que heu portat a l\u2019aula, li hem donat la benvinguda a la tardor fent una petita festa amb pluja de fulles seques. Ens ho hem passat d\u2019all\u00f2 m\u00e9s b\u00e9, hem trencat fulles, hem fet angelets&#8230;<\/p>\n<p>Us deixem unes fotos a continuaci\u00f3:<\/p>\n<p><a href=\"https:\/\/photos.app.goo.gl\/XoX2V5DwNHV8HFoX8\"><\/a><\/p>\n","protected":false},"author":1,"featured_media":4721,"comment_status":"open","ping_status":"closed","sticky":false,"template":"","format":"standard","meta":{"_bbp_topic_count":0,"_bbp_reply_count":0,"_bbp_total_topic_count":0,"_bbp_total_reply_count":0,"_bbp_voice_count":0,"_bbp_anonymous_reply_count":0,"_bbp_topic_count_hidden":0,"_bbp_reply_count_hidden":0,"_bbp_forum_subforum_count":0,"footnotes":""},"categories":[62,3],"tags":[],"class_list":["post-4720","post","type-post","status-publish","format-standard","has-post-thumbnail","hentry","category-educacio-infantil","category-p3"],"post_mailing_queue_ids":[],"_links":{"self":[{"href":"https:\/\/agora.xtec.cat\/ceipsab\/wp-json\/wp\/v2\/posts\/4720","targetHints":{"allow":["GET"]}}],"collection":[{"href":"https:\/\/agora.xtec.cat\/ceipsab\/wp-json\/wp\/v2\/posts"}],"about":[{"href":"https:\/\/agora.xtec.cat\/ceipsab\/wp-json\/wp\/v2\/types\/post"}],"author":[{"embeddable":true,"href":"https:\/\/agora.xtec.cat\/ceipsab\/wp-json\/wp\/v2\/users\/1"}],"replies":[{"embeddable":true,"href":"https:\/\/agora.xtec.cat\/ceipsab\/wp-json\/wp\/v2\/comments?post=4720"}],"version-history":[{"count":2,"href":"https:\/\/agora.xtec.cat\/ceipsab\/wp-json\/wp\/v2\/posts\/4720\/revisions"}],"predecessor-version":[{"id":4726,"href":"https:\/\/agora.xtec.cat\/ceipsab\/wp-json\/wp\/v2\/posts\/4720\/revisions\/4726"}],"wp:featuredmedia":[{"embeddable":true,"href":"https:\/\/agora.xtec.cat\/ceipsab\/wp-json\/wp\/v2\/media\/4721"}],"wp:attachment":[{"href":"https:\/\/agora.xtec.cat\/ceipsab\/wp-json\/wp\/v2\/media?parent=4720"}],"wp:term":[{"taxonomy":"category","embeddable":true,"href":"https:\/\/agora.xtec.cat\/ceipsab\/wp-json\/wp\/v2\/categories?post=4720"},{"taxonomy":"post_tag","embeddable":true,"href":"https:\/\/agora.xtec.cat\/ceipsab\/wp-json\/wp\/v2\/tags?post=4720"}],"curies":[{"name":"wp","href":"https:\/\/api.w.org\/{rel}","templated":true}]}}