{"id":4716,"date":"2019-11-04T14:06:27","date_gmt":"2019-11-04T13:06:27","guid":{"rendered":"http:\/\/agora.xtec.cat\/ceipsab\/?p=4716"},"modified":"2019-11-04T14:06:27","modified_gmt":"2019-11-04T13:06:27","slug":"primers-dies-descola-3","status":"publish","type":"post","link":"https:\/\/agora.xtec.cat\/ceipsab\/educacio-infantil\/p3\/primers-dies-descola-3\/","title":{"rendered":"PRIMERS DIES D&#8217;ESCOLA"},"content":{"rendered":"<p>Hola fam\u00edlies!!!<\/p>\n<p>Les classes del patufet i les vaques us volem ensenyar tot el que hem fet aquests primers mesos d&#8217;escola. Estem aprenent a con\u00e9ixer els companys i companyes, a compartir, a viure moments tots junts &#8230;. Us deixem unes fotograf\u00edes perqu\u00e8 ens pogueu veure.<\/p>\n<p>&nbsp;<\/p>\n<p><a href=\"https:\/\/photos.app.goo.gl\/SsSF6BTdFchrieqd9\"><img loading=\"lazy\" decoding=\"async\" class=\"\" src=\"https:\/\/lh3.googleusercontent.com\/1ovdmffnpArO29ANyyZm2O4-Jd1dO_VzNc9hfdFNCRBBwRtWIpNUCZiuBwbgnWp2Hu8FN_Asdmd8wlP6HcdoHJR9UxvQRQ57VeMLRQn3tL2pU0NxBtk9J31XE-SkE31S26r9cwqWNxK8MSP7buexpom5sIKIwPP44lrKMV1xZIA40Kqwm83We47EkqPJ5jkNc1CDNpVWKN5KywUk69kDkZQEeZ518hpTxrjR54g6W5AfkyapT_AV8DflWWhlmNMP6p-lVpCXeYZA3Jol4AKsyQ5qVaogO493kvqKCbM1NjQ9dNoehNuO9GBo1Z9oCC7jXfj0hNUnhZGrEkslmTGex9SyuRSw0CmhNZkyBODylW2I06c9FtrU1WQQSRdzP7iyG4lWbEQJBtdsdztRwXeHhR24PpiUqC4JmRyBx6epZaPG1GFhtDV8LmzmQCx6bjapOk1v7mgABpEpqHZuI7SOuPGqDHTeXwiKPE8jo94cKGSReBDk0jp5Bh764LTwPwkbjLr5KPBrtqXiP3YN2zzYN-rJDuU7DI67zJwK4tHT7xaNUqHJIoFHCXPdZGw8jhKf8VqvZE3ZCgFv_X9-1xt_uZ8PFipVH72ZyVz7xyDbbAN9QDKLW04prelbX2dAtwfa9-jd69vbgurCp__DYVqU4OAy-RzGPv2tEF8Kq1NescF5S-YGJwT871o7PMva_WsqUsad1q1B5-rPIqUzQyj9kZUG7CQ29hwGlhG9gXLxGR3jfbs=w876-h657-no\" width=\"280\" height=\"210\" \/><\/a><\/p>\n","protected":false},"excerpt":{"rendered":"<p>Hola fam\u00edlies!!!<br \/>\nLes classes del patufet i les vaques us volem ensenyar tot el que hem fet aquests primers mesos d&#8217;escola. Estem aprenent a con\u00e9ixer els companys i companyes, a compartir, a viure moments tots junts &#8230;. Us deixem unes fotograf\u00edes perqu\u00e8 ens pogueu veure.<br \/>\n&nbsp;<br \/>\n<a href=\"https:\/\/photos.app.goo.gl\/SsSF6BTdFchrieqd9\"><\/a><\/p>\n","protected":false},"author":1,"featured_media":0,"comment_status":"open","ping_status":"closed","sticky":false,"template":"","format":"standard","meta":{"_bbp_topic_count":0,"_bbp_reply_count":0,"_bbp_total_topic_count":0,"_bbp_total_reply_count":0,"_bbp_voice_count":0,"_bbp_anonymous_reply_count":0,"_bbp_topic_count_hidden":0,"_bbp_reply_count_hidden":0,"_bbp_forum_subforum_count":0,"footnotes":""},"categories":[62,3],"tags":[],"class_list":["post-4716","post","type-post","status-publish","format-standard","hentry","category-educacio-infantil","category-p3"],"post_mailing_queue_ids":[],"_links":{"self":[{"href":"https:\/\/agora.xtec.cat\/ceipsab\/wp-json\/wp\/v2\/posts\/4716","targetHints":{"allow":["GET"]}}],"collection":[{"href":"https:\/\/agora.xtec.cat\/ceipsab\/wp-json\/wp\/v2\/posts"}],"about":[{"href":"https:\/\/agora.xtec.cat\/ceipsab\/wp-json\/wp\/v2\/types\/post"}],"author":[{"embeddable":true,"href":"https:\/\/agora.xtec.cat\/ceipsab\/wp-json\/wp\/v2\/users\/1"}],"replies":[{"embeddable":true,"href":"https:\/\/agora.xtec.cat\/ceipsab\/wp-json\/wp\/v2\/comments?post=4716"}],"version-history":[{"count":2,"href":"https:\/\/agora.xtec.cat\/ceipsab\/wp-json\/wp\/v2\/posts\/4716\/revisions"}],"predecessor-version":[{"id":4719,"href":"https:\/\/agora.xtec.cat\/ceipsab\/wp-json\/wp\/v2\/posts\/4716\/revisions\/4719"}],"wp:attachment":[{"href":"https:\/\/agora.xtec.cat\/ceipsab\/wp-json\/wp\/v2\/media?parent=4716"}],"wp:term":[{"taxonomy":"category","embeddable":true,"href":"https:\/\/agora.xtec.cat\/ceipsab\/wp-json\/wp\/v2\/categories?post=4716"},{"taxonomy":"post_tag","embeddable":true,"href":"https:\/\/agora.xtec.cat\/ceipsab\/wp-json\/wp\/v2\/tags?post=4716"}],"curies":[{"name":"wp","href":"https:\/\/api.w.org\/{rel}","templated":true}]}}