{"id":4678,"date":"2019-10-21T21:04:31","date_gmt":"2019-10-21T19:04:31","guid":{"rendered":"http:\/\/agora.xtec.cat\/ceipsab\/?p=4678"},"modified":"2019-10-21T21:04:31","modified_gmt":"2019-10-21T19:04:31","slug":"mesurem","status":"publish","type":"post","link":"https:\/\/agora.xtec.cat\/ceipsab\/educacio-infantil\/p5\/mesurem\/","title":{"rendered":"MESUREM!"},"content":{"rendered":"<p>Hola fam\u00edlies!<\/p>\n<p>Aquests dies a la classe d&#8217;experimentaci\u00f3 els nens i nenes de P5 hem comen\u00e7at a parlar de mesura! A poc a poc hem anat descobrint diferents estris i fins i tot ens hem atrevit a mesurar diferents objectes de la classe! Va ser una activitat molt entretinguda ja que mentre mesur\u00e0vem van anar sorgint diferents dubtes&#8230; ( Per quin n\u00famero calia comen\u00e7ar, qu\u00e8 volien dir les ratlles de la cintra m\u00e8trica, com \u00e9s que els objectes sempre mesuren igual encara que canvi\u00efs la cinta m\u00e8trica&#8230;.)<\/p>\n<p>Va ser molt divertit! Mireu, mireu!<\/p>\n<p><a href=\"https:\/\/photos.app.goo.gl\/jzYydHiDefcK5ixYA\"><img loading=\"lazy\" decoding=\"async\" class=\"\" src=\"https:\/\/lh3.googleusercontent.com\/2MIgaG2WwgG6KTmMDzfC9tFBTu2jzzAdyWtgH3CBgnmKv3wwBAU-R0h402RjtlIoY6UkeR0w4d9RdEJQ7lkyRXeaRkOp4uyvX9p-tRb3UXj9GasuIcnU0B0oOiL-srE3hn2oLlV1OIUu8d9tkZQ9HujhqF1R79nkDY3aMajzvCY9m1dACL_gmqhLdlgkgnEQVsNE9hPAukg2ViNUAqi3DOIca869Mmoo83E_dZle9kgEFUToBD9PsabeOaxoaoL8Y2ib84Yjd0c-bvdr6qnsp2x10_yw0YlLvcy7aCUArujFHhXAxEaj45tmJuvc2yecLTIlEKv9PjhkTbwX1Sj0CkUmM_011QAKl-1Y5wlc8oV6hGDWSIrhDeRaCgQYzzmcwwjpAt5ziM1O8z9EBNDExhhVnqi8Ict17Nrb2aqGJXPcaoN7PT-QG6OOTyCqnRufnR-u3zdLoj6U80KYMdv1nQsDUaK18IZdUDWiGwSd96W18yor3C3f7yCPwPsHILteaXdGlyXBYiFLjKXFkaNREW2hO8lYKJkTUoB_SkD8wV5oL309suw_ZVjT1uxanrkY7LCEgxPCG4SV4caFrp-rIIFD2yMzDp1UyahNNRAtYmsFa4H9srRobLL3v1Ra9n2ccZq75IGEvOS4bq_kB1MFgezw1mgpwhA2EpTEePzI00KMnVf7Dzmg9tc=w811-h608-no\" width=\"333\" height=\"249\" \/><\/a><\/p>\n<p>&nbsp;<\/p>\n","protected":false},"excerpt":{"rendered":"<p>Hola fam\u00edlies!<br \/>\nAquests dies a la classe d&#8217;experimentaci\u00f3 els nens i nenes de P5 hem comen\u00e7at a parlar de mesura! A poc a poc hem anat descobrint diferents estris i fins i tot ens hem atrevit a mesurar diferents objectes de la classe! Va ser una&hellip;  <a href=\"https:\/\/agora.xtec.cat\/ceipsab\/educacio-infantil\/p5\/mesurem\/\" title=\"Read MESUREM!\">Llegeix m\u00e9s\u00bb<\/a><\/p>\n","protected":false},"author":1,"featured_media":4679,"comment_status":"open","ping_status":"closed","sticky":false,"template":"","format":"standard","meta":{"_bbp_topic_count":0,"_bbp_reply_count":0,"_bbp_total_topic_count":0,"_bbp_total_reply_count":0,"_bbp_voice_count":0,"_bbp_anonymous_reply_count":0,"_bbp_topic_count_hidden":0,"_bbp_reply_count_hidden":0,"_bbp_forum_subforum_count":0,"footnotes":""},"categories":[62,9],"tags":[],"class_list":["post-4678","post","type-post","status-publish","format-standard","has-post-thumbnail","hentry","category-educacio-infantil","category-p5"],"post_mailing_queue_ids":[],"_links":{"self":[{"href":"https:\/\/agora.xtec.cat\/ceipsab\/wp-json\/wp\/v2\/posts\/4678","targetHints":{"allow":["GET"]}}],"collection":[{"href":"https:\/\/agora.xtec.cat\/ceipsab\/wp-json\/wp\/v2\/posts"}],"about":[{"href":"https:\/\/agora.xtec.cat\/ceipsab\/wp-json\/wp\/v2\/types\/post"}],"author":[{"embeddable":true,"href":"https:\/\/agora.xtec.cat\/ceipsab\/wp-json\/wp\/v2\/users\/1"}],"replies":[{"embeddable":true,"href":"https:\/\/agora.xtec.cat\/ceipsab\/wp-json\/wp\/v2\/comments?post=4678"}],"version-history":[{"count":1,"href":"https:\/\/agora.xtec.cat\/ceipsab\/wp-json\/wp\/v2\/posts\/4678\/revisions"}],"predecessor-version":[{"id":4680,"href":"https:\/\/agora.xtec.cat\/ceipsab\/wp-json\/wp\/v2\/posts\/4678\/revisions\/4680"}],"wp:featuredmedia":[{"embeddable":true,"href":"https:\/\/agora.xtec.cat\/ceipsab\/wp-json\/wp\/v2\/media\/4679"}],"wp:attachment":[{"href":"https:\/\/agora.xtec.cat\/ceipsab\/wp-json\/wp\/v2\/media?parent=4678"}],"wp:term":[{"taxonomy":"category","embeddable":true,"href":"https:\/\/agora.xtec.cat\/ceipsab\/wp-json\/wp\/v2\/categories?post=4678"},{"taxonomy":"post_tag","embeddable":true,"href":"https:\/\/agora.xtec.cat\/ceipsab\/wp-json\/wp\/v2\/tags?post=4678"}],"curies":[{"name":"wp","href":"https:\/\/api.w.org\/{rel}","templated":true}]}}