{"id":4675,"date":"2019-10-21T20:54:46","date_gmt":"2019-10-21T18:54:46","guid":{"rendered":"http:\/\/agora.xtec.cat\/ceipsab\/?p=4675"},"modified":"2019-10-21T20:54:46","modified_gmt":"2019-10-21T18:54:46","slug":"noticies","status":"publish","type":"post","link":"https:\/\/agora.xtec.cat\/ceipsab\/educacio-infantil\/p5\/noticies\/","title":{"rendered":"NOT\u00cdCIES!"},"content":{"rendered":"<p>Hola fam\u00edlies!<\/p>\n<p>Aquests dies els nens i nenes de P5 hem estat parlant sobre el g\u00e8nere textual de la not\u00edcia! Tot i que ja coneix\u00edem algunes coses n&#8217;hem descobert moltes m\u00e9s! Aix\u00ed doncs per exemple hem parlat d&#8217;on podem trobar-les, quina funci\u00f3 tenen&#8230; aix\u00ed com tamb\u00e9 d&#8217;aspectes m\u00e9s b\u00e0sics com ara el t\u00edtol, el text o les fotografies.<\/p>\n<p>A poc a poc anirem creant les nostres pr\u00f2pies not\u00edcies per\u00f2 de moment us deixem amb les imatges del primer dia on podreu veure com investig\u00e0vem diferents diaris i descobr\u00edem coses noves!<\/p>\n<p><a href=\"https:\/\/photos.app.goo.gl\/EoPXUryeoQ2hcyJi8\"><img loading=\"lazy\" decoding=\"async\" class=\"\" src=\"https:\/\/lh3.googleusercontent.com\/cfUYEXwNuLa0NhfQ0VdjMnsK1pDJisGKHub4NmxSKd5VJkHnRzVS6z-BdzLJYkwqNoFvzMkyEKQKJrbyeMzZsAHH4p1G0kFAmOXtHHvuVqXfS1khYmf0CXR_wNFgxWxcBTrC_-mC7yBjCSoXHfmF4ToVJpo-5u1Q90Dh3yR-2AZGAJdqwFNno9cKsimHYC3RpOYmDn_NfZTf0XOYmVPlZJ_5Mamk5VJDz-aCfkapsg1-iRJXDgFAB5OKFLtg_75JsQgGtp7YWtMMsxtejMrzzPfu_Y4Q5zS8pheC0j_Wzf7wZfVbwdku8GrchR2WcOLoePwbzANXl6rvY1Bnzwx9wRYL33gEHFDR9qVdTtp8q8rCEQBCqZ12pwu0gPxI9V5k-9aZ_bO4p7S46akJ6OQ171sE73lkoq-NqpYN_w6zPJ6SgkYqvMXWUHHKnIbUkKmqEKjXQmUXIUO6AmHKklfRW364tC-Om2H-NKvUi1E0dfhdaEXR9tT3_P_xun2146VF9S08uaGkDV_ZaaXPnQTH4Yran09xAdaDyqNy_yq_5qTk1KGJz64tMu4FUas2_1hSUgTa8q3V4ZuocuORu8kfDS0IMN6ENCb3YF2NZwkd3_CrSZ7F0vQ3fvA18gvRrbA18hdxPSqWJX_ta27Lu70iFmJW_TFVxT0Hhfj-nYN2fFoC9mgjBVSADks=w811-h608-no\" width=\"327\" height=\"245\" \/><\/a><\/p>\n<p>&nbsp;<\/p>\n","protected":false},"excerpt":{"rendered":"<p>Hola fam\u00edlies!<br \/>\nAquests dies els nens i nenes de P5 hem estat parlant sobre el g\u00e8nere textual de la not\u00edcia! Tot i que ja coneix\u00edem algunes coses n&#8217;hem descobert moltes m\u00e9s! Aix\u00ed doncs per exemple hem parlat d&#8217;on podem trobar-les, quina funci\u00f3 tenen&#8230; aix\u00ed com tamb\u00e9&hellip;  <a href=\"https:\/\/agora.xtec.cat\/ceipsab\/educacio-infantil\/p5\/noticies\/\" title=\"Read NOT\u00cdCIES!\">Llegeix m\u00e9s\u00bb<\/a><\/p>\n","protected":false},"author":1,"featured_media":4676,"comment_status":"open","ping_status":"closed","sticky":false,"template":"","format":"standard","meta":{"_bbp_topic_count":0,"_bbp_reply_count":0,"_bbp_total_topic_count":0,"_bbp_total_reply_count":0,"_bbp_voice_count":0,"_bbp_anonymous_reply_count":0,"_bbp_topic_count_hidden":0,"_bbp_reply_count_hidden":0,"_bbp_forum_subforum_count":0,"footnotes":""},"categories":[62,9],"tags":[],"class_list":["post-4675","post","type-post","status-publish","format-standard","has-post-thumbnail","hentry","category-educacio-infantil","category-p5"],"post_mailing_queue_ids":[],"_links":{"self":[{"href":"https:\/\/agora.xtec.cat\/ceipsab\/wp-json\/wp\/v2\/posts\/4675","targetHints":{"allow":["GET"]}}],"collection":[{"href":"https:\/\/agora.xtec.cat\/ceipsab\/wp-json\/wp\/v2\/posts"}],"about":[{"href":"https:\/\/agora.xtec.cat\/ceipsab\/wp-json\/wp\/v2\/types\/post"}],"author":[{"embeddable":true,"href":"https:\/\/agora.xtec.cat\/ceipsab\/wp-json\/wp\/v2\/users\/1"}],"replies":[{"embeddable":true,"href":"https:\/\/agora.xtec.cat\/ceipsab\/wp-json\/wp\/v2\/comments?post=4675"}],"version-history":[{"count":1,"href":"https:\/\/agora.xtec.cat\/ceipsab\/wp-json\/wp\/v2\/posts\/4675\/revisions"}],"predecessor-version":[{"id":4677,"href":"https:\/\/agora.xtec.cat\/ceipsab\/wp-json\/wp\/v2\/posts\/4675\/revisions\/4677"}],"wp:featuredmedia":[{"embeddable":true,"href":"https:\/\/agora.xtec.cat\/ceipsab\/wp-json\/wp\/v2\/media\/4676"}],"wp:attachment":[{"href":"https:\/\/agora.xtec.cat\/ceipsab\/wp-json\/wp\/v2\/media?parent=4675"}],"wp:term":[{"taxonomy":"category","embeddable":true,"href":"https:\/\/agora.xtec.cat\/ceipsab\/wp-json\/wp\/v2\/categories?post=4675"},{"taxonomy":"post_tag","embeddable":true,"href":"https:\/\/agora.xtec.cat\/ceipsab\/wp-json\/wp\/v2\/tags?post=4675"}],"curies":[{"name":"wp","href":"https:\/\/api.w.org\/{rel}","templated":true}]}}