{"id":4672,"date":"2019-10-21T20:47:37","date_gmt":"2019-10-21T18:47:37","guid":{"rendered":"http:\/\/agora.xtec.cat\/ceipsab\/?p=4672"},"modified":"2019-10-21T20:47:37","modified_gmt":"2019-10-21T18:47:37","slug":"grups-de-matematiques","status":"publish","type":"post","link":"https:\/\/agora.xtec.cat\/ceipsab\/educacio-infantil\/p5\/grups-de-matematiques\/","title":{"rendered":"GRUPS DE MATEM\u00c0TIQUES!"},"content":{"rendered":"<p>Hola fam\u00edlies!<\/p>\n<p>Aquests dies els infants de P5 tamb\u00e9 hem iniciat els grups de matem\u00e0tiques! A poc a poc, i de manera l\u00fadica i manipulativa anem aprenent diferents conceptes de numeraci\u00f3, geometria, c\u00e0lcul&#8230;<\/p>\n<p>Us deixem unes imatges perqu\u00e8 ens pugueu veure!<\/p>\n<p><a href=\"https:\/\/photos.app.goo.gl\/Qr2x9vPV6jAvNZB76\"><img loading=\"lazy\" decoding=\"async\" class=\"\" src=\"https:\/\/lh3.googleusercontent.com\/5vJlXSGtanGFIbN_Jw7eZlMwkLeOFfMn-_OxQLQyWjFsgUhuYCElbNjOibHPuoneHOcuiFnf5t3fBsGzbfS5BYeATFL4RuJ0bSauFX4dTPQf1w4RAx9quaTaeA4j6yRySygg0csqGvfgyjLm-2OA9j8WOqnUlXZkIdiDewyGVEEK3hkfLunt-4B6Lht661QMrgaWneer8IsqCKeYgJ_M6OzUt2x9agXkh_nqeF5W-Z3bLWXSfdOJF594h_4GZHWCTpoaxVXiz90PGZyOdoAVTugvqu_K-BPNBjY2uoQGB03Sz0-QD4Jrvu0mroNp8cf30M_p8-03TYOrTL5vyxu1d0Lr-zCbCQx2krd-je3xOC50E89Xmo2kMOuR_SqPxin9Rc7XKHUzjFG8i0441FndI2PkbA9Dvb3110aCTOT60D3_4FZF68fPKuZkbfGZ3Qq1lG7V6Qc05SfVPbzVmrHCRAThfBx0sFctuyEcA5_qYJa9GLACv_yvVXBhrZisciFP1jNFhDxyJPknvJ3EoH8sU5pfra2iaRiNBx8FSYqG5XWc5hUPBnc2QrIIqFrBZBlm1oN0ejBh1TO395McMeKgTRTCerz5KDR3oJfTQtrFgOXL3ynCxUVber-aAj8Qe6iOnlOeQu0bEi3NxPw_jviCNDpM9yx3UQLSDhUSwH4OFeHyZlo9OUeDgqw=w811-h608-no\" width=\"421\" height=\"315\" \/><\/a><\/p>\n","protected":false},"excerpt":{"rendered":"<p>Hola fam\u00edlies!<br \/>\nAquests dies els infants de P5 tamb\u00e9 hem iniciat els grups de matem\u00e0tiques! A poc a poc, i de manera l\u00fadica i manipulativa anem aprenent diferents conceptes de numeraci\u00f3, geometria, c\u00e0lcul&#8230;<br \/>\nUs deixem unes imatges perqu\u00e8 ens pugueu veure!<br \/>\n<a href=\"https:\/\/photos.app.goo.gl\/Qr2x9vPV6jAvNZB76\"><\/a><\/p>\n","protected":false},"author":1,"featured_media":4673,"comment_status":"open","ping_status":"closed","sticky":false,"template":"","format":"standard","meta":{"_bbp_topic_count":0,"_bbp_reply_count":0,"_bbp_total_topic_count":0,"_bbp_total_reply_count":0,"_bbp_voice_count":0,"_bbp_anonymous_reply_count":0,"_bbp_topic_count_hidden":0,"_bbp_reply_count_hidden":0,"_bbp_forum_subforum_count":0,"footnotes":""},"categories":[62,9],"tags":[],"class_list":["post-4672","post","type-post","status-publish","format-standard","has-post-thumbnail","hentry","category-educacio-infantil","category-p5"],"post_mailing_queue_ids":[],"_links":{"self":[{"href":"https:\/\/agora.xtec.cat\/ceipsab\/wp-json\/wp\/v2\/posts\/4672","targetHints":{"allow":["GET"]}}],"collection":[{"href":"https:\/\/agora.xtec.cat\/ceipsab\/wp-json\/wp\/v2\/posts"}],"about":[{"href":"https:\/\/agora.xtec.cat\/ceipsab\/wp-json\/wp\/v2\/types\/post"}],"author":[{"embeddable":true,"href":"https:\/\/agora.xtec.cat\/ceipsab\/wp-json\/wp\/v2\/users\/1"}],"replies":[{"embeddable":true,"href":"https:\/\/agora.xtec.cat\/ceipsab\/wp-json\/wp\/v2\/comments?post=4672"}],"version-history":[{"count":1,"href":"https:\/\/agora.xtec.cat\/ceipsab\/wp-json\/wp\/v2\/posts\/4672\/revisions"}],"predecessor-version":[{"id":4674,"href":"https:\/\/agora.xtec.cat\/ceipsab\/wp-json\/wp\/v2\/posts\/4672\/revisions\/4674"}],"wp:featuredmedia":[{"embeddable":true,"href":"https:\/\/agora.xtec.cat\/ceipsab\/wp-json\/wp\/v2\/media\/4673"}],"wp:attachment":[{"href":"https:\/\/agora.xtec.cat\/ceipsab\/wp-json\/wp\/v2\/media?parent=4672"}],"wp:term":[{"taxonomy":"category","embeddable":true,"href":"https:\/\/agora.xtec.cat\/ceipsab\/wp-json\/wp\/v2\/categories?post=4672"},{"taxonomy":"post_tag","embeddable":true,"href":"https:\/\/agora.xtec.cat\/ceipsab\/wp-json\/wp\/v2\/tags?post=4672"}],"curies":[{"name":"wp","href":"https:\/\/api.w.org\/{rel}","templated":true}]}}