{"id":4458,"date":"2019-07-04T19:47:46","date_gmt":"2019-07-04T17:47:46","guid":{"rendered":"http:\/\/agora.xtec.cat\/ceipsab\/?p=4458"},"modified":"2019-07-04T19:49:47","modified_gmt":"2019-07-04T17:49:47","slug":"el-projecte-de-p5b-els-fantasmes","status":"publish","type":"post","link":"https:\/\/agora.xtec.cat\/ceipsab\/educacio-infantil\/p5\/general\/el-projecte-de-p5b-els-fantasmes\/","title":{"rendered":"EL PROJECTE DE P5B: ELS FANTASMES"},"content":{"rendered":"<p>Com ja sabeu P5B va escollir estudiar els fantasmes i al llarg del curs hem fet moltes activitats i hem apr\u00e8s molt. En l&#8217;\u00e0lbum que els infants han dut a casa teniu tot el recull per\u00f2 aqu\u00ed podreu veure algunes fotos m\u00e9s. Les voleu veure?<\/p>\n<p><strong>Preparaci\u00f3 decoraci\u00f3 de l&#8217;aula i explicaci\u00f3 de les informacions<\/strong><\/p>\n<p><a href=\"https:\/\/photos.app.goo.gl\/fU4ZNa3kEHau5yMc9\"><img loading=\"lazy\" decoding=\"async\" class=\" wp-image-4459\" src=\"https:\/\/agora.xtec.cat\/ceipsab\/wp-content\/uploads\/usu1011\/2019\/07\/IMG_20181114_170959.jpg\" alt=\"\" width=\"315\" height=\"236\" srcset=\"https:\/\/agora.xtec.cat\/ceipsab\/wp-content\/uploads\/usu1011\/2019\/07\/IMG_20181114_170959.jpg 596w, https:\/\/agora.xtec.cat\/ceipsab\/wp-content\/uploads\/usu1011\/2019\/07\/IMG_20181114_170959-300x225.jpg 300w, https:\/\/agora.xtec.cat\/ceipsab\/wp-content\/uploads\/usu1011\/2019\/07\/IMG_20181114_170959-200x150.jpg 200w\" sizes=\"auto, (max-width: 315px) 100vw, 315px\" \/><\/a><\/p>\n<p><strong>Qu\u00e8 ens fa por?<\/strong><\/p>\n<p><a href=\"https:\/\/photos.app.goo.gl\/84vXqRh1D97sJS1p6\"><img loading=\"lazy\" decoding=\"async\" class=\" wp-image-4460\" src=\"https:\/\/agora.xtec.cat\/ceipsab\/wp-content\/uploads\/usu1011\/2019\/07\/IMG_20190205_155224.jpg\" alt=\"\" width=\"328\" height=\"246\" srcset=\"https:\/\/agora.xtec.cat\/ceipsab\/wp-content\/uploads\/usu1011\/2019\/07\/IMG_20190205_155224.jpg 397w, https:\/\/agora.xtec.cat\/ceipsab\/wp-content\/uploads\/usu1011\/2019\/07\/IMG_20190205_155224-300x225.jpg 300w, https:\/\/agora.xtec.cat\/ceipsab\/wp-content\/uploads\/usu1011\/2019\/07\/IMG_20190205_155224-200x150.jpg 200w\" sizes=\"auto, (max-width: 328px) 100vw, 328px\" \/><\/a><\/p>\n","protected":false},"excerpt":{"rendered":"<p>Com ja sabeu P5B va escollir estudiar els fantasmes i al llarg del curs hem fet moltes activitats i hem apr\u00e8s molt. En l&#8217;\u00e0lbum que els infants han dut a casa teniu tot el recull per\u00f2 aqu\u00ed podreu veure algunes fotos m\u00e9s. Les voleu veure?<br \/>\nPreparaci\u00f3&hellip;  <a href=\"https:\/\/agora.xtec.cat\/ceipsab\/educacio-infantil\/p5\/general\/el-projecte-de-p5b-els-fantasmes\/\" title=\"Read EL PROJECTE DE P5B: ELS FANTASMES\">Llegeix m\u00e9s\u00bb<\/a><\/p>\n","protected":false},"author":25,"featured_media":4459,"comment_status":"open","ping_status":"closed","sticky":false,"template":"","format":"standard","meta":{"_bbp_topic_count":0,"_bbp_reply_count":0,"_bbp_total_topic_count":0,"_bbp_total_reply_count":0,"_bbp_voice_count":0,"_bbp_anonymous_reply_count":0,"_bbp_topic_count_hidden":0,"_bbp_reply_count_hidden":0,"_bbp_forum_subforum_count":0,"footnotes":""},"categories":[1,9],"tags":[],"class_list":["post-4458","post","type-post","status-publish","format-standard","has-post-thumbnail","hentry","category-general","category-p5"],"post_mailing_queue_ids":[],"_links":{"self":[{"href":"https:\/\/agora.xtec.cat\/ceipsab\/wp-json\/wp\/v2\/posts\/4458","targetHints":{"allow":["GET"]}}],"collection":[{"href":"https:\/\/agora.xtec.cat\/ceipsab\/wp-json\/wp\/v2\/posts"}],"about":[{"href":"https:\/\/agora.xtec.cat\/ceipsab\/wp-json\/wp\/v2\/types\/post"}],"author":[{"embeddable":true,"href":"https:\/\/agora.xtec.cat\/ceipsab\/wp-json\/wp\/v2\/users\/25"}],"replies":[{"embeddable":true,"href":"https:\/\/agora.xtec.cat\/ceipsab\/wp-json\/wp\/v2\/comments?post=4458"}],"version-history":[{"count":1,"href":"https:\/\/agora.xtec.cat\/ceipsab\/wp-json\/wp\/v2\/posts\/4458\/revisions"}],"predecessor-version":[{"id":4461,"href":"https:\/\/agora.xtec.cat\/ceipsab\/wp-json\/wp\/v2\/posts\/4458\/revisions\/4461"}],"wp:featuredmedia":[{"embeddable":true,"href":"https:\/\/agora.xtec.cat\/ceipsab\/wp-json\/wp\/v2\/media\/4459"}],"wp:attachment":[{"href":"https:\/\/agora.xtec.cat\/ceipsab\/wp-json\/wp\/v2\/media?parent=4458"}],"wp:term":[{"taxonomy":"category","embeddable":true,"href":"https:\/\/agora.xtec.cat\/ceipsab\/wp-json\/wp\/v2\/categories?post=4458"},{"taxonomy":"post_tag","embeddable":true,"href":"https:\/\/agora.xtec.cat\/ceipsab\/wp-json\/wp\/v2\/tags?post=4458"}],"curies":[{"name":"wp","href":"https:\/\/api.w.org\/{rel}","templated":true}]}}