{"id":4434,"date":"2019-07-04T14:23:17","date_gmt":"2019-07-04T12:23:17","guid":{"rendered":"http:\/\/agora.xtec.cat\/ceipsab\/?p=4434"},"modified":"2019-07-04T14:23:17","modified_gmt":"2019-07-04T12:23:17","slug":"experimentem-amb-la-llum","status":"publish","type":"post","link":"https:\/\/agora.xtec.cat\/ceipsab\/educacio-infantil\/p5\/experimentem-amb-la-llum\/","title":{"rendered":"EXPERIMENTEM AMB LA LLUM"},"content":{"rendered":"<p><span style=\"font-weight: 400\">Durant el segon i part del tercer trimestre vam fer un munt d<\/span><span style=\"font-weight: 400\">\u2019<\/span><span style=\"font-weight: 400\">experiments sobre la llum.\u00a0<\/span><\/p>\n<p><span style=\"font-weight: 400\">A l<\/span><span style=\"font-weight: 400\">\u2019<\/span><span style=\"font-weight: 400\">aula entre tos vam fer una <\/span><b>conversa<\/b><span style=\"font-weight: 400\">\u00a0 on vam parlar sobre on podem trobar llum, quins tipus n<\/span><span style=\"font-weight: 400\">\u2019<\/span><span style=\"font-weight: 400\">hi ha (sol, llanterna,\u00a0 el\u00e8ctrica, &#8230;). <\/span><span style=\"font-weight: 400\">Cadasc\u00fa va portar una <\/span><b>lot<\/b><span style=\"font-weight: 400\"> de casa i a la sala de psicomotricitat\u00a0 a les fosques vam podem experimentar, va ser molt divertit.\u00a0<\/span><\/p>\n<p><span style=\"font-weight: 400\">Un altre dia, tamb\u00e9 a l<\/span><span style=\"font-weight: 400\">\u2019<\/span><span style=\"font-weight: 400\">aula de psicomotricitat vam projectar la llum de les lots sobre uns <\/span><b>ninos<\/b><span style=\"font-weight: 400\"> d<\/span><span style=\"font-weight: 400\">\u2019<\/span><span style=\"font-weight: 400\">animals i vam veure la seva <\/span><b>ombra<\/b><span style=\"font-weight: 400\">. I an\u00e0vem comprovant com pod\u00edem fer l<\/span><span style=\"font-weight: 400\">\u2019<\/span><span style=\"font-weight: 400\">ombra m\u00e9s gran o m\u00e9s petita.<\/span><\/p>\n<p style=\"text-align: center\"><a href=\"https:\/\/photos.app.goo.gl\/UihLfmx3CJg5GzS36\"><img loading=\"lazy\" decoding=\"async\" class=\"alignnone size-full wp-image-4436\" src=\"https:\/\/agora.xtec.cat\/ceipsab\/wp-content\/uploads\/usu1011\/2019\/07\/IMG_20181026_121235-COLLAGE-1.jpg\" alt=\"\" width=\"307\" height=\"307\" srcset=\"https:\/\/agora.xtec.cat\/ceipsab\/wp-content\/uploads\/usu1011\/2019\/07\/IMG_20181026_121235-COLLAGE-1.jpg 307w, https:\/\/agora.xtec.cat\/ceipsab\/wp-content\/uploads\/usu1011\/2019\/07\/IMG_20181026_121235-COLLAGE-1-150x150.jpg 150w, https:\/\/agora.xtec.cat\/ceipsab\/wp-content\/uploads\/usu1011\/2019\/07\/IMG_20181026_121235-COLLAGE-1-300x300.jpg 300w\" sizes=\"auto, (max-width: 307px) 100vw, 307px\" \/><\/a><\/p>\n<p><span style=\"font-weight: 400\">La Mari \u00c0ngels i la Rosalia\u00a0 ens van fer unes fotos dels <\/span><b>nostres perfils<\/b><span style=\"font-weight: 400\">, despr\u00e9s els vam repassar i calcar. A una sessi\u00f3 de\u00a0 <\/span><b>racons de treball<\/b><span style=\"font-weight: 400\"> els vam completar dibuixant, els vam pintar i els vam exposar al passad\u00eds. Vam poder comprovar que tots som iguals per\u00f2 a l<\/span><span style=\"font-weight: 400\">\u2019<\/span><span style=\"font-weight: 400\">hora diferents.<\/span><\/p>\n<p style=\"text-align: center\"><a href=\"https:\/\/photos.app.goo.gl\/dxQsNnRAtNnfBX6Z9\"><img loading=\"lazy\" decoding=\"async\" class=\"alignnone size-full wp-image-4438\" src=\"https:\/\/agora.xtec.cat\/ceipsab\/wp-content\/uploads\/usu1011\/2019\/07\/siluetes-1.jpg\" alt=\"\" width=\"154\" height=\"154\" srcset=\"https:\/\/agora.xtec.cat\/ceipsab\/wp-content\/uploads\/usu1011\/2019\/07\/siluetes-1.jpg 154w, https:\/\/agora.xtec.cat\/ceipsab\/wp-content\/uploads\/usu1011\/2019\/07\/siluetes-1-150x150.jpg 150w\" sizes=\"auto, (max-width: 154px) 100vw, 154px\" \/><\/a><\/p>\n<p>&nbsp;<\/p>\n<p><span style=\"font-weight: 400\">A la classe vam veure a la PDI un v\u00eddeo de un conte amb titelles fet amb <\/span><b>ombres xineses<\/b><span style=\"font-weight: 400\"> i les mestres tamb\u00e9 ens van representar una hist\u00f2ria amb ombres xineses. Com que ens va agradar tant tamb\u00e9 vam decidir fer-la nosaltres.\u00a0<\/span><\/p>\n<p><span style=\"font-weight: 400\">I en altes sessions vam decidir inventar-nos la nostra hist\u00f2ria per despr\u00e9s representar-la amb ombres xineses:\u00a0 Vam agafar de l<\/span><span style=\"font-weight: 400\">\u2019<\/span><span style=\"font-weight: 400\">aula diferents objectes, vam repassar la seva silueta en cartolines, els vam retallar i enganxar una canyeta de pl\u00e0stic: ja tenien fetes <\/span><b>els nostres titelles<\/b><span style=\"font-weight: 400\">.<\/span><\/p>\n<p><a href=\"https:\/\/photos.app.goo.gl\/hxXiipibXcr2JMpD8\"><img loading=\"lazy\" decoding=\"async\" class=\"wp-image-4439 aligncenter\" src=\"https:\/\/agora.xtec.cat\/ceipsab\/wp-content\/uploads\/usu1011\/2019\/07\/IMG_20190214_120141-COLLAGE.jpg\" alt=\"\" width=\"218\" height=\"219\" srcset=\"https:\/\/agora.xtec.cat\/ceipsab\/wp-content\/uploads\/usu1011\/2019\/07\/IMG_20190214_120141-COLLAGE.jpg 512w, https:\/\/agora.xtec.cat\/ceipsab\/wp-content\/uploads\/usu1011\/2019\/07\/IMG_20190214_120141-COLLAGE-150x150.jpg 150w, https:\/\/agora.xtec.cat\/ceipsab\/wp-content\/uploads\/usu1011\/2019\/07\/IMG_20190214_120141-COLLAGE-300x300.jpg 300w\" sizes=\"auto, (max-width: 218px) 100vw, 218px\" \/><\/a><\/p>\n<p><span style=\"font-weight: 400\">Finalment, cada grup va <\/span><b>representar<\/b><span style=\"font-weight: 400\"> amb els titelles\u00a0 la seva hist\u00f2ria <\/span><b>d<\/b><b>\u2019<\/b><b>ombres xineses<\/b><span style=\"font-weight: 400\"> a la resta de companys i companyes. Va estar genial!!!<\/span><\/p>\n<p><a href=\"https:\/\/photos.app.goo.gl\/HSYif5pEym12GCxR7\"><img loading=\"lazy\" decoding=\"async\" class=\"wp-image-4440 aligncenter\" src=\"https:\/\/agora.xtec.cat\/ceipsab\/wp-content\/uploads\/usu1011\/2019\/07\/IMG_20190328_120111.jpg\" alt=\"\" width=\"264\" height=\"198\" srcset=\"https:\/\/agora.xtec.cat\/ceipsab\/wp-content\/uploads\/usu1011\/2019\/07\/IMG_20190328_120111.jpg 600w, https:\/\/agora.xtec.cat\/ceipsab\/wp-content\/uploads\/usu1011\/2019\/07\/IMG_20190328_120111-300x225.jpg 300w, https:\/\/agora.xtec.cat\/ceipsab\/wp-content\/uploads\/usu1011\/2019\/07\/IMG_20190328_120111-200x150.jpg 200w\" sizes=\"auto, (max-width: 264px) 100vw, 264px\" \/><\/a><\/p>\n<p>I tamb\u00e9 vam jugar una mica amb la simetria.<\/p>\n<p><a href=\"https:\/\/photos.app.goo.gl\/ZR4votXKXBwywbDk7\"><img loading=\"lazy\" decoding=\"async\" class=\"wp-image-4441 aligncenter\" src=\"https:\/\/agora.xtec.cat\/ceipsab\/wp-content\/uploads\/usu1011\/2019\/07\/IMG_20190502_120239-COLLAGE-768x1024.jpg\" alt=\"\" width=\"198\" height=\"264\" srcset=\"https:\/\/agora.xtec.cat\/ceipsab\/wp-content\/uploads\/usu1011\/2019\/07\/IMG_20190502_120239-COLLAGE-768x1024.jpg 768w, https:\/\/agora.xtec.cat\/ceipsab\/wp-content\/uploads\/usu1011\/2019\/07\/IMG_20190502_120239-COLLAGE-225x300.jpg 225w, https:\/\/agora.xtec.cat\/ceipsab\/wp-content\/uploads\/usu1011\/2019\/07\/IMG_20190502_120239-COLLAGE.jpg 1535w\" sizes=\"auto, (max-width: 198px) 100vw, 198px\" \/><\/a><\/p>\n<p>&nbsp;<\/p>\n","protected":false},"excerpt":{"rendered":"<p>Durant el segon i part del tercer trimestre vam fer un munt d\u2019experiments sobre la llum.\u00a0<br \/>\nA l\u2019aula entre tos vam fer una conversa\u00a0 on vam parlar sobre on podem trobar llum, quins tipus n\u2019hi ha (sol, llanterna,\u00a0 el\u00e8ctrica, &#8230;). Cadasc\u00fa va portar una lot de&hellip;  <a href=\"https:\/\/agora.xtec.cat\/ceipsab\/educacio-infantil\/p5\/experimentem-amb-la-llum\/\" title=\"Read EXPERIMENTEM AMB LA LLUM\">Llegeix m\u00e9s\u00bb<\/a><\/p>\n","protected":false},"author":25,"featured_media":4440,"comment_status":"open","ping_status":"closed","sticky":false,"template":"","format":"standard","meta":{"_bbp_topic_count":0,"_bbp_reply_count":0,"_bbp_total_topic_count":0,"_bbp_total_reply_count":0,"_bbp_voice_count":0,"_bbp_anonymous_reply_count":0,"_bbp_topic_count_hidden":0,"_bbp_reply_count_hidden":0,"_bbp_forum_subforum_count":0,"footnotes":""},"categories":[9],"tags":[],"class_list":["post-4434","post","type-post","status-publish","format-standard","has-post-thumbnail","hentry","category-p5"],"post_mailing_queue_ids":[],"_links":{"self":[{"href":"https:\/\/agora.xtec.cat\/ceipsab\/wp-json\/wp\/v2\/posts\/4434","targetHints":{"allow":["GET"]}}],"collection":[{"href":"https:\/\/agora.xtec.cat\/ceipsab\/wp-json\/wp\/v2\/posts"}],"about":[{"href":"https:\/\/agora.xtec.cat\/ceipsab\/wp-json\/wp\/v2\/types\/post"}],"author":[{"embeddable":true,"href":"https:\/\/agora.xtec.cat\/ceipsab\/wp-json\/wp\/v2\/users\/25"}],"replies":[{"embeddable":true,"href":"https:\/\/agora.xtec.cat\/ceipsab\/wp-json\/wp\/v2\/comments?post=4434"}],"version-history":[{"count":1,"href":"https:\/\/agora.xtec.cat\/ceipsab\/wp-json\/wp\/v2\/posts\/4434\/revisions"}],"predecessor-version":[{"id":4442,"href":"https:\/\/agora.xtec.cat\/ceipsab\/wp-json\/wp\/v2\/posts\/4434\/revisions\/4442"}],"wp:featuredmedia":[{"embeddable":true,"href":"https:\/\/agora.xtec.cat\/ceipsab\/wp-json\/wp\/v2\/media\/4440"}],"wp:attachment":[{"href":"https:\/\/agora.xtec.cat\/ceipsab\/wp-json\/wp\/v2\/media?parent=4434"}],"wp:term":[{"taxonomy":"category","embeddable":true,"href":"https:\/\/agora.xtec.cat\/ceipsab\/wp-json\/wp\/v2\/categories?post=4434"},{"taxonomy":"post_tag","embeddable":true,"href":"https:\/\/agora.xtec.cat\/ceipsab\/wp-json\/wp\/v2\/tags?post=4434"}],"curies":[{"name":"wp","href":"https:\/\/api.w.org\/{rel}","templated":true}]}}