{"id":4401,"date":"2019-06-26T21:14:27","date_gmt":"2019-06-26T19:14:27","guid":{"rendered":"http:\/\/agora.xtec.cat\/ceipsab\/?p=4401"},"modified":"2019-06-26T21:14:27","modified_gmt":"2019-06-26T19:14:27","slug":"ultim-dia-descola-ed-infantil","status":"publish","type":"post","link":"https:\/\/agora.xtec.cat\/ceipsab\/educacio-infantil\/p3\/ultim-dia-descola-ed-infantil\/","title":{"rendered":"\u00daLTIM DIA D&#8217;ESCOLA ED. INFANTIL"},"content":{"rendered":"<p>Hola fam\u00edlies!<\/p>\n<p>El passat divendres 21 de juny va ser l&#8217;\u00faltim dia d&#8217;escola!<\/p>\n<p>De bon mat\u00ed vam anar al gimn\u00e0s de l&#8217;escola per acomiadar als\/les alumnes de 6\u00e8. Despr\u00e9s, per esmorzar, vam menjar coca de crema que ens va regalar l&#8217;AMPA de l&#8217;escola!<\/p>\n<p>Finalment , per fer una mica de festa, vam sortir al pati a ballar amb una mica de m\u00fasica i per menjar un gelat! Ens ho vam passar d&#8217;all\u00f2 m\u00e9s b\u00e9!<\/p>\n<p>Que tingueu unes bones vacances d&#8217;estiu! i fins la tornada!!<\/p>\n<p><a href=\"https:\/\/photos.app.goo.gl\/hgc2Sx9fxpSnBYs48\"><img loading=\"lazy\" decoding=\"async\" class=\"\" src=\"https:\/\/lh3.googleusercontent.com\/nh3lBzTBD8fZPIMYbckpSjiJ-uyptwYXRkpreORNuSZuzbfbypOcwjbEbGE8H8d_fWFxD5FdoOdeqDk0bHorOo-CRdtKsBpcMY3UaPw3PZkgiXgGw5w7MNEiyiJIUdlVcfFZNAkER4pCxaDGHHXSJKhmWGRf_LC-K5F6JU_g_pVwhiIKvBh3kLFYzKf8vqa6ZoB6Chou99Z-_lvWlhHerHIqFMcoyJoJFmIjctntmlvqTd-dxF2rqFXFAt51SAAVHI6-Qm2gODJhFbWpBi_Mt4WHujDDCt6m2iqS_1T8wbJpcdE2E6EgsuJnF0dXm_aojRVSOITqdR8gNFftLqfDrey2cZFnmbqck2Mo6RRMYCE-um8v9hmF6X5h9WRF1gtddNHjvsO8np4VdpJkuJLJXFDscWqGstyk-2EMKNRIQbHPbk35J916n2tkGtXM-6HZNWmjS5dq4CykVDEp6x5tDnJNYWq2ULqnTchu-pbReRrwSAOP_Fmxrt1YC5pso-MJne_aWWzsCVwfn6ru9KzWcwtCv7Jnj4sbxmMU0Gz9G8_uccdEUFVQN8hwIQZdRvrV2lplmUPDMsQi1PpbyieU4Cjqtm5Im9nSJ9T9FlaIc9Bkmi5sdmecRwS9R2Kbf16OekeBhV43wculzhpTc7Gy1qU5d35-VGo=w1166-h657-no\" width=\"373\" height=\"210\" \/><\/a><\/p>\n","protected":false},"excerpt":{"rendered":"<p>Hola fam\u00edlies!<br \/>\nEl passat divendres 21 de juny va ser l&#8217;\u00faltim dia d&#8217;escola!<br \/>\nDe bon mat\u00ed vam anar al gimn\u00e0s de l&#8217;escola per acomiadar als\/les alumnes de 6\u00e8. Despr\u00e9s, per esmorzar, vam menjar coca de crema que ens va regalar l&#8217;AMPA de l&#8217;escola!<br \/>\nFinalment , per fer una&hellip;  <a href=\"https:\/\/agora.xtec.cat\/ceipsab\/educacio-infantil\/p3\/ultim-dia-descola-ed-infantil\/\" title=\"Read \u00daLTIM DIA D&#8217;ESCOLA ED. INFANTIL\">Llegeix m\u00e9s\u00bb<\/a><\/p>\n","protected":false},"author":1,"featured_media":4402,"comment_status":"open","ping_status":"closed","sticky":false,"template":"","format":"standard","meta":{"_bbp_topic_count":0,"_bbp_reply_count":0,"_bbp_total_topic_count":0,"_bbp_total_reply_count":0,"_bbp_voice_count":0,"_bbp_anonymous_reply_count":0,"_bbp_topic_count_hidden":0,"_bbp_reply_count_hidden":0,"_bbp_forum_subforum_count":0,"footnotes":""},"categories":[62,3,8,9],"tags":[],"class_list":["post-4401","post","type-post","status-publish","format-standard","has-post-thumbnail","hentry","category-educacio-infantil","category-p3","category-p4","category-p5"],"post_mailing_queue_ids":[],"_links":{"self":[{"href":"https:\/\/agora.xtec.cat\/ceipsab\/wp-json\/wp\/v2\/posts\/4401","targetHints":{"allow":["GET"]}}],"collection":[{"href":"https:\/\/agora.xtec.cat\/ceipsab\/wp-json\/wp\/v2\/posts"}],"about":[{"href":"https:\/\/agora.xtec.cat\/ceipsab\/wp-json\/wp\/v2\/types\/post"}],"author":[{"embeddable":true,"href":"https:\/\/agora.xtec.cat\/ceipsab\/wp-json\/wp\/v2\/users\/1"}],"replies":[{"embeddable":true,"href":"https:\/\/agora.xtec.cat\/ceipsab\/wp-json\/wp\/v2\/comments?post=4401"}],"version-history":[{"count":1,"href":"https:\/\/agora.xtec.cat\/ceipsab\/wp-json\/wp\/v2\/posts\/4401\/revisions"}],"predecessor-version":[{"id":4403,"href":"https:\/\/agora.xtec.cat\/ceipsab\/wp-json\/wp\/v2\/posts\/4401\/revisions\/4403"}],"wp:featuredmedia":[{"embeddable":true,"href":"https:\/\/agora.xtec.cat\/ceipsab\/wp-json\/wp\/v2\/media\/4402"}],"wp:attachment":[{"href":"https:\/\/agora.xtec.cat\/ceipsab\/wp-json\/wp\/v2\/media?parent=4401"}],"wp:term":[{"taxonomy":"category","embeddable":true,"href":"https:\/\/agora.xtec.cat\/ceipsab\/wp-json\/wp\/v2\/categories?post=4401"},{"taxonomy":"post_tag","embeddable":true,"href":"https:\/\/agora.xtec.cat\/ceipsab\/wp-json\/wp\/v2\/tags?post=4401"}],"curies":[{"name":"wp","href":"https:\/\/api.w.org\/{rel}","templated":true}]}}