{"id":4351,"date":"2019-06-24T21:59:32","date_gmt":"2019-06-24T19:59:32","guid":{"rendered":"http:\/\/agora.xtec.cat\/ceipsab\/?p=4351"},"modified":"2019-06-24T22:03:18","modified_gmt":"2019-06-24T20:03:18","slug":"projecte-dels-oficis-2","status":"publish","type":"post","link":"https:\/\/agora.xtec.cat\/ceipsab\/primaria\/cicle-inicial\/1r\/projecte-dels-oficis-2\/","title":{"rendered":"Projecte dels oficis"},"content":{"rendered":"<p>Hola fam\u00edlies!!<\/p>\n<p>Aquest darrer trimestre, dins l&#8217;\u00e0rea de medi, hem treballat el projecte dels oficis. Ha estat un projecte engrescador que ha motivat for\u00e7a als nens i nenes de 1r. Vam iniciar-lo de la mateixa manera que la resta, fent-nos preguntes i buscant respostes sobre aquells oficis que m\u00e9s ens cridaven l&#8217;atenci\u00f3. Vam crear els grupets de treball segons els seus interessos i van comen\u00e7ar a crear els seus murals. Els oficis que van escollir van ser d&#8217;actors i actrius, perruquers\/es, ballarins\/es, bombers\/es, futbolistes, cuiners\/es, arque\u00f2legs\/es, monitors\/es de nataci\u00f3, taxistes, veterinaris\/es, cambrers\/es.<\/p>\n<p>Van quedar uns resultats molt xulos i junts van fer unes exposicions rodones!<\/p>\n<p>Aprofitem per donar les gr\u00e0cies a aquelles fam\u00edlies que van poder venir a participar en el projecte, compartint amb tots nosaltres la seva feina. Van ser unes tardes ben especials, tant per les fam\u00edlies com pels alumnes.<\/p>\n<p>&nbsp;<\/p>\n<p>Cliqueu a la imatge per veure tot un recull del nostre treball:<\/p>\n<p>&nbsp;<\/p>\n<p><a href=\"https:\/\/photos.app.goo.gl\/1cN9W1ebNC8zREPj8\"><img loading=\"lazy\" decoding=\"async\" class=\"alignnone wp-image-4352 size-large\" src=\"https:\/\/agora.xtec.cat\/ceipsab\/wp-content\/uploads\/usu1011\/2019\/06\/oficis-788x1024.jpg\" alt=\"\" width=\"788\" height=\"1024\" srcset=\"https:\/\/agora.xtec.cat\/ceipsab\/wp-content\/uploads\/usu1011\/2019\/06\/oficis-788x1024.jpg 788w, https:\/\/agora.xtec.cat\/ceipsab\/wp-content\/uploads\/usu1011\/2019\/06\/oficis-231x300.jpg 231w, https:\/\/agora.xtec.cat\/ceipsab\/wp-content\/uploads\/usu1011\/2019\/06\/oficis-768x998.jpg 768w\" sizes=\"auto, (max-width: 788px) 100vw, 788px\" \/><\/a><\/p>\n<p>Que tingueu molt bon estiu i bones vacances!!!<\/p>\n","protected":false},"excerpt":{"rendered":"<p>Hola fam\u00edlies!!<br \/>\nAquest darrer trimestre, dins l&#8217;\u00e0rea de medi, hem treballat el projecte dels oficis. Ha estat un projecte engrescador que ha motivat for\u00e7a als nens i nenes de 1r. Vam iniciar-lo de la mateixa manera que la resta, fent-nos preguntes i buscant respostes sobre aquells&hellip;  <a href=\"https:\/\/agora.xtec.cat\/ceipsab\/primaria\/cicle-inicial\/1r\/projecte-dels-oficis-2\/\" title=\"Read Projecte dels oficis\">Llegeix m\u00e9s\u00bb<\/a><\/p>\n","protected":false},"author":3,"featured_media":4352,"comment_status":"open","ping_status":"closed","sticky":false,"template":"","format":"standard","meta":{"_bbp_topic_count":0,"_bbp_reply_count":0,"_bbp_total_topic_count":0,"_bbp_total_reply_count":0,"_bbp_voice_count":0,"_bbp_anonymous_reply_count":0,"_bbp_topic_count_hidden":0,"_bbp_reply_count_hidden":0,"_bbp_forum_subforum_count":0,"footnotes":""},"categories":[10],"tags":[],"class_list":["post-4351","post","type-post","status-publish","format-standard","has-post-thumbnail","hentry","category-1r"],"post_mailing_queue_ids":[],"_links":{"self":[{"href":"https:\/\/agora.xtec.cat\/ceipsab\/wp-json\/wp\/v2\/posts\/4351","targetHints":{"allow":["GET"]}}],"collection":[{"href":"https:\/\/agora.xtec.cat\/ceipsab\/wp-json\/wp\/v2\/posts"}],"about":[{"href":"https:\/\/agora.xtec.cat\/ceipsab\/wp-json\/wp\/v2\/types\/post"}],"author":[{"embeddable":true,"href":"https:\/\/agora.xtec.cat\/ceipsab\/wp-json\/wp\/v2\/users\/3"}],"replies":[{"embeddable":true,"href":"https:\/\/agora.xtec.cat\/ceipsab\/wp-json\/wp\/v2\/comments?post=4351"}],"version-history":[{"count":3,"href":"https:\/\/agora.xtec.cat\/ceipsab\/wp-json\/wp\/v2\/posts\/4351\/revisions"}],"predecessor-version":[{"id":4355,"href":"https:\/\/agora.xtec.cat\/ceipsab\/wp-json\/wp\/v2\/posts\/4351\/revisions\/4355"}],"wp:featuredmedia":[{"embeddable":true,"href":"https:\/\/agora.xtec.cat\/ceipsab\/wp-json\/wp\/v2\/media\/4352"}],"wp:attachment":[{"href":"https:\/\/agora.xtec.cat\/ceipsab\/wp-json\/wp\/v2\/media?parent=4351"}],"wp:term":[{"taxonomy":"category","embeddable":true,"href":"https:\/\/agora.xtec.cat\/ceipsab\/wp-json\/wp\/v2\/categories?post=4351"},{"taxonomy":"post_tag","embeddable":true,"href":"https:\/\/agora.xtec.cat\/ceipsab\/wp-json\/wp\/v2\/tags?post=4351"}],"curies":[{"name":"wp","href":"https:\/\/api.w.org\/{rel}","templated":true}]}}