{"id":4285,"date":"2019-06-03T12:06:44","date_gmt":"2019-06-03T10:06:44","guid":{"rendered":"http:\/\/agora.xtec.cat\/ceipsab\/?p=4285"},"modified":"2019-06-03T12:06:44","modified_gmt":"2019-06-03T10:06:44","slug":"picasso-i-el-cubisme","status":"publish","type":"post","link":"https:\/\/agora.xtec.cat\/ceipsab\/educacio-infantil\/p5\/general\/picasso-i-el-cubisme\/","title":{"rendered":"PICASSO I EL CUBISME"},"content":{"rendered":"<p>Hola fam\u00edlies!<\/p>\n<p>Aquests dies la classe de les aranyes i la classe dels dofins hem apr\u00e8s coses sobre el Cubisme! Com ja sabeu va ser un moviment art\u00edstic molt important i Picasso en va ser un dels grans exponents!<\/p>\n<p>Picasso dibuixava els seus quadres fent servir moltes figures geom\u00e8triques i nosaltres hem fet les nostres pr\u00f2pies produccions fent servir la mateixa t\u00e8cnica! Ens ho hem passat molt b\u00e9!<\/p>\n<p>P4 A ( Cliqueu a la imatge per veure m\u00e9s fotografies)<\/p>\n<p><a href=\"https:\/\/photos.app.goo.gl\/gvkuVA16NNwEEYsb6\"><img loading=\"lazy\" decoding=\"async\" class=\"\" src=\"https:\/\/lh3.googleusercontent.com\/pR5Smzd0KC_qMzIZQuTiHjMHnze-BSAQJtCdwpf3cZzcUTVM43SdBPEE8uI_hYE3RYPcqRsn1expcYdqTss1acES8F1Ev9nDVMDuqjg_LWIM6xrEuY27Ph9TqJ-Y-zWbj3zej6-leZny_SgwH1z7KTpKg2wQdea5uamlChFW7NqtAS10dMkN_rY_n_AYTOlNK1b_bpqaYKYJpnPBdmxmfhNxyLJs6eq2BZgGqCROvYWgaSu6Nb9EvjvEjYD_QixbmtVqNlUn4FotKC7o_3SmzBXk365WZvOuoFetNL_oKpplKmNWHgiS7-ysQzEa67r-nMHLffhwFrrfB19j2hV489V8skKw4ApItFDtG2cb2x0LNgKoYgaQFWucuhbT7LGLTpyxwFo3mN_gKLkx_VGa7HMHczQhZkW5oeAFTyz9590FJPWA_ccaSnvawAinlYFmy4SW_JPJTX8o8RRX-a18O4u-m7AAyjCaxZwmJT5HC7WCC4n6f05-Q3lLto7K2oFHdujH-FHO5O6uAKJ9gDMW8XGY3UV77gws7mWR9Bz8UfwwDaFW6Ga7VgB8o41EERURqRuk7mbtdzpxXcAqrhhyTsdDWLyZDsfPsfn0w4jUgcfUyh6Bg8m1gDRQ_8JMrwyUUG4Z9vZnvSiMJxFBuzKGS3Z4B0Qt0-k=w811-h608-no\" width=\"323\" height=\"242\" \/><\/a><\/p>\n<p>P4B ( Cliqueu a la imatge per veure m\u00e9s fotografies)<\/p>\n<p><a href=\"https:\/\/photos.app.goo.gl\/VYSwR3PTL964aySN6\"><img loading=\"lazy\" decoding=\"async\" class=\"\" src=\"https:\/\/lh3.googleusercontent.com\/CwLdna3-OyZI40oq_TRNOpU-G1ZiN_F_EYfVJyCo3OZdku9soWDkRtHFdIqycCk9R-r91_BHPLroQZ4ME6KRL4-_hqwKPCLAQGQHiBM_FzxEQ9pExKcmQw73nNN0vRBa3xdTwhyh5Q6eRaDXfq_vn-k2dqaBupt7wsaBZ3vm3b1RnNBG1IPbC8cw1p4WvopRzTj4WXiUzc8wqdOM02741xpuawm1jOgEKQGMY5j82wZ9yibXYmyIu5ZN5A4eY0sV0tgYmC3L5_Z_d6kfRQXZeh3DaZhFsIOLWBZHhf8vsGzCiQEZAnOjUOz14cUSy_-4RTWTlBLvlRxq0AtIyTbpoO-7L4p1JiQsxF5UKBUqsLcNRo5q197ZtDvx72vaG-SGmn4FJo1RfEhvXd4kArS0bbH6sFeB67EdG8hB5I-w4fj0fJA0NZWqyMCZGu8bXIp8jYKdLn0lkUonmnpbZ-ycXbzBM38WJJc0ohJda8NQHeTJOJTi8V7fKJ7yqXjkPRRhuAJOmM14LIqPj8oAsnffxnm8KK0sR_gaKJtD10TuZgE3tRnuWu52CcyyxVo2h7MDWuUUNmK9q3jRSNKJbo12ABtoZ-YiahsIpy-l6uC2PLR2Pu9L5eI0o-xPMnwXq0Fl5xZDDvCYS5Bg98L5jNLhGIixCKRXXyw=w1079-h608-no\" width=\"316\" height=\"178\" \/><\/a><\/p>\n","protected":false},"excerpt":{"rendered":"<p>Hola fam\u00edlies!<br \/>\nAquests dies la classe de les aranyes i la classe dels dofins hem apr\u00e8s coses sobre el Cubisme! Com ja sabeu va ser un moviment art\u00edstic molt important i Picasso en va ser un dels grans exponents!<br \/>\nPicasso dibuixava els seus quadres fent servir moltes&hellip;  <a href=\"https:\/\/agora.xtec.cat\/ceipsab\/educacio-infantil\/p5\/general\/picasso-i-el-cubisme\/\" title=\"Read PICASSO I EL CUBISME\">Llegeix m\u00e9s\u00bb<\/a><\/p>\n","protected":false},"author":1,"featured_media":4286,"comment_status":"open","ping_status":"closed","sticky":false,"template":"","format":"standard","meta":{"_bbp_topic_count":0,"_bbp_reply_count":0,"_bbp_total_topic_count":0,"_bbp_total_reply_count":0,"_bbp_voice_count":0,"_bbp_anonymous_reply_count":0,"_bbp_topic_count_hidden":0,"_bbp_reply_count_hidden":0,"_bbp_forum_subforum_count":0,"footnotes":""},"categories":[1],"tags":[],"class_list":["post-4285","post","type-post","status-publish","format-standard","has-post-thumbnail","hentry","category-general"],"post_mailing_queue_ids":[],"_links":{"self":[{"href":"https:\/\/agora.xtec.cat\/ceipsab\/wp-json\/wp\/v2\/posts\/4285","targetHints":{"allow":["GET"]}}],"collection":[{"href":"https:\/\/agora.xtec.cat\/ceipsab\/wp-json\/wp\/v2\/posts"}],"about":[{"href":"https:\/\/agora.xtec.cat\/ceipsab\/wp-json\/wp\/v2\/types\/post"}],"author":[{"embeddable":true,"href":"https:\/\/agora.xtec.cat\/ceipsab\/wp-json\/wp\/v2\/users\/1"}],"replies":[{"embeddable":true,"href":"https:\/\/agora.xtec.cat\/ceipsab\/wp-json\/wp\/v2\/comments?post=4285"}],"version-history":[{"count":1,"href":"https:\/\/agora.xtec.cat\/ceipsab\/wp-json\/wp\/v2\/posts\/4285\/revisions"}],"predecessor-version":[{"id":4287,"href":"https:\/\/agora.xtec.cat\/ceipsab\/wp-json\/wp\/v2\/posts\/4285\/revisions\/4287"}],"wp:featuredmedia":[{"embeddable":true,"href":"https:\/\/agora.xtec.cat\/ceipsab\/wp-json\/wp\/v2\/media\/4286"}],"wp:attachment":[{"href":"https:\/\/agora.xtec.cat\/ceipsab\/wp-json\/wp\/v2\/media?parent=4285"}],"wp:term":[{"taxonomy":"category","embeddable":true,"href":"https:\/\/agora.xtec.cat\/ceipsab\/wp-json\/wp\/v2\/categories?post=4285"},{"taxonomy":"post_tag","embeddable":true,"href":"https:\/\/agora.xtec.cat\/ceipsab\/wp-json\/wp\/v2\/tags?post=4285"}],"curies":[{"name":"wp","href":"https:\/\/api.w.org\/{rel}","templated":true}]}}