{"id":4228,"date":"2019-05-20T18:35:48","date_gmt":"2019-05-20T16:35:48","guid":{"rendered":"http:\/\/agora.xtec.cat\/ceipsab\/?p=4228"},"modified":"2019-05-20T18:35:48","modified_gmt":"2019-05-20T16:35:48","slug":"museu-de-les-matematiques","status":"publish","type":"post","link":"https:\/\/agora.xtec.cat\/ceipsab\/portada\/museu-de-les-matematiques\/","title":{"rendered":"MUSEU DE LES MATEM\u00c0TIQUES"},"content":{"rendered":"<p><a href=\"https:\/\/photos.app.goo.gl\/2KZ7MitD2xY9AUNn9\"><img loading=\"lazy\" decoding=\"async\" class=\"wp-image-4229 aligncenter\" src=\"https:\/\/agora.xtec.cat\/ceipsab\/wp-content\/uploads\/usu1011\/2019\/05\/IMG_20190506_132206-768x1024.jpg\" alt=\"\" width=\"207\" height=\"276\" srcset=\"https:\/\/agora.xtec.cat\/ceipsab\/wp-content\/uploads\/usu1011\/2019\/05\/IMG_20190506_132206-768x1024.jpg 768w, https:\/\/agora.xtec.cat\/ceipsab\/wp-content\/uploads\/usu1011\/2019\/05\/IMG_20190506_132206-225x300.jpg 225w\" sizes=\"auto, (max-width: 207px) 100vw, 207px\" \/><\/a><\/p>\n<p>El dilluns 6 de maig els\/les alumnes de 5\u00e8 vam anar al Museu de les Matem\u00e0tiques a Cornell\u00e0. Ens ho vam passar genial. No vam parar de manipular i de pensar! Us deixem amb algunes fotos d&#8217;aquell dia.<\/p>\n","protected":false},"excerpt":{"rendered":"<p><a href=\"https:\/\/photos.app.goo.gl\/2KZ7MitD2xY9AUNn9\"><\/a><br \/>\nEl dilluns 6 de maig els\/les alumnes de 5\u00e8 vam anar al Museu de les Matem\u00e0tiques a Cornell\u00e0. Ens ho vam passar genial. No vam parar de manipular i de pensar! Us deixem amb algunes fotos d&#8217;aquell dia.<\/p>\n","protected":false},"author":1,"featured_media":1825,"comment_status":"open","ping_status":"closed","sticky":false,"template":"","format":"standard","meta":{"_bbp_topic_count":0,"_bbp_reply_count":0,"_bbp_total_topic_count":0,"_bbp_total_reply_count":0,"_bbp_voice_count":0,"_bbp_anonymous_reply_count":0,"_bbp_topic_count_hidden":0,"_bbp_reply_count_hidden":0,"_bbp_forum_subforum_count":0,"footnotes":""},"categories":[14,65,5,4],"tags":[],"class_list":["post-4228","post","type-post","status-publish","format-standard","has-post-thumbnail","hentry","category-5e","category-cicle-superior","category-primaria","category-portada"],"post_mailing_queue_ids":[],"_links":{"self":[{"href":"https:\/\/agora.xtec.cat\/ceipsab\/wp-json\/wp\/v2\/posts\/4228","targetHints":{"allow":["GET"]}}],"collection":[{"href":"https:\/\/agora.xtec.cat\/ceipsab\/wp-json\/wp\/v2\/posts"}],"about":[{"href":"https:\/\/agora.xtec.cat\/ceipsab\/wp-json\/wp\/v2\/types\/post"}],"author":[{"embeddable":true,"href":"https:\/\/agora.xtec.cat\/ceipsab\/wp-json\/wp\/v2\/users\/1"}],"replies":[{"embeddable":true,"href":"https:\/\/agora.xtec.cat\/ceipsab\/wp-json\/wp\/v2\/comments?post=4228"}],"version-history":[{"count":3,"href":"https:\/\/agora.xtec.cat\/ceipsab\/wp-json\/wp\/v2\/posts\/4228\/revisions"}],"predecessor-version":[{"id":4233,"href":"https:\/\/agora.xtec.cat\/ceipsab\/wp-json\/wp\/v2\/posts\/4228\/revisions\/4233"}],"wp:featuredmedia":[{"embeddable":true,"href":"https:\/\/agora.xtec.cat\/ceipsab\/wp-json\/wp\/v2\/media\/1825"}],"wp:attachment":[{"href":"https:\/\/agora.xtec.cat\/ceipsab\/wp-json\/wp\/v2\/media?parent=4228"}],"wp:term":[{"taxonomy":"category","embeddable":true,"href":"https:\/\/agora.xtec.cat\/ceipsab\/wp-json\/wp\/v2\/categories?post=4228"},{"taxonomy":"post_tag","embeddable":true,"href":"https:\/\/agora.xtec.cat\/ceipsab\/wp-json\/wp\/v2\/tags?post=4228"}],"curies":[{"name":"wp","href":"https:\/\/api.w.org\/{rel}","templated":true}]}}