{"id":4197,"date":"2019-05-13T11:00:14","date_gmt":"2019-05-13T09:00:14","guid":{"rendered":"http:\/\/agora.xtec.cat\/ceipsab\/?p=4197"},"modified":"2019-05-13T11:00:14","modified_gmt":"2019-05-13T09:00:14","slug":"treballem-el-projecte-de-les-plantes","status":"publish","type":"post","link":"https:\/\/agora.xtec.cat\/ceipsab\/portada\/treballem-el-projecte-de-les-plantes\/","title":{"rendered":"TREBALLEM EL PROJECTE DE LES PLANTES"},"content":{"rendered":"<p>Els nens i nenes de segon estem treballant el projecte de les plantes. Entre tots vam decidir que vol\u00edem plantar una planta i cuidar-la. Aix\u00ed que vam plantar carbassons, maduixes, enciams, espinacs, tom\u00e0quets cherry i pebrots. Vam dividir les aules en grups i cada grup \u00e9s responsable de la seva planta, la reguem, la cuidem i l&#8217;anem mesurant per veure quant creix.<\/p>\n<p>Ens hem convertit en aut\u00e8ntics jardiners!!<\/p>\n<p><a href=\"https:\/\/photos.app.goo.gl\/anNiU1L249iFzkwL6\"><img loading=\"lazy\" decoding=\"async\" class=\"aligncenter\" src=\"https:\/\/lh3.googleusercontent.com\/9uzI7Vo7QD5nHa5fiJntzLaDsB1xFJwVVCgfrhBpHwYQBBXwXVeqMKAewxoT891hph7ayFaJBmLbYoETSypfmnD0ydSbMFR5cQXpFF4WTtDhCPZVds9ZGCLjHKfCizlPdLA8uOpLdbF58uxJf2Ksid4WA9TSQ8bwhBDICrfBnEoj3EASAXTFFCyv-S2-PNnS9ye0RabVmdoXRHYf03ZNR-_bYBv8z44RfxZlajd-42ssQGLMYjOcTS2PqQebFqYBQhb-f6BdlyeFQqKBUEbv-6SliqygukpAv1udrH-2cDheKnydIAkiczDkH03tvxUld77T2Igl_Qzmlwig3utnfZ4HME25DWMItsVZsnCKjYagdwR4x3W0ibPp34PB-SLmse-p2M8ZfZXOKMoQvio1Iv67hYC2mWI5idMvO5AMWSZsJcP0Y2vxuf3GFeAOCLFV_G5G4IoTIvx13mS06zRCA2Dm-QGn3E-TFQl2J8qcFtA0tzUBPqaWE3nyS38NT0Fu7v9mtcdo9NZPN9_Dko5NWPDy4ylfZxE6sPfVrIxVXLr3nuVLJAigUc3G59dDidQJ49_28z6a1glU4Erg0ILxukaMiwbSXxi7ZU5JXgLe9YZw_R7xdsKeY02JBvwm4odczCQSGjcs21EcLz3jfPmo9Oa8L40GVZ7ZQ2ql7pGJcr18Q9P4V17-tn8a_doeGOmHxUR4QqUsLKjjCp0URGjODbkP=w768-h576-no\" width=\"269\" height=\"202\" \/><\/a><\/p>\n","protected":false},"excerpt":{"rendered":"<p>Els nens i nenes de segon estem treballant el projecte de les plantes. Entre tots vam decidir que vol\u00edem plantar una planta i cuidar-la. Aix\u00ed que vam plantar carbassons, maduixes, enciams, espinacs, tom\u00e0quets cherry i pebrots. Vam dividir les aules en grups i cada grup&hellip;  <a href=\"https:\/\/agora.xtec.cat\/ceipsab\/portada\/treballem-el-projecte-de-les-plantes\/\" title=\"Read TREBALLEM EL PROJECTE DE LES PLANTES\">Llegeix m\u00e9s\u00bb<\/a><\/p>\n","protected":false},"author":14,"featured_media":0,"comment_status":"open","ping_status":"closed","sticky":false,"template":"","format":"standard","meta":{"_bbp_topic_count":0,"_bbp_reply_count":0,"_bbp_total_topic_count":0,"_bbp_total_reply_count":0,"_bbp_voice_count":0,"_bbp_anonymous_reply_count":0,"_bbp_topic_count_hidden":0,"_bbp_reply_count_hidden":0,"_bbp_forum_subforum_count":0,"footnotes":""},"categories":[11,63,4],"tags":[],"class_list":["post-4197","post","type-post","status-publish","format-standard","hentry","category-2n","category-cicle-inicial","category-portada"],"post_mailing_queue_ids":[],"_links":{"self":[{"href":"https:\/\/agora.xtec.cat\/ceipsab\/wp-json\/wp\/v2\/posts\/4197","targetHints":{"allow":["GET"]}}],"collection":[{"href":"https:\/\/agora.xtec.cat\/ceipsab\/wp-json\/wp\/v2\/posts"}],"about":[{"href":"https:\/\/agora.xtec.cat\/ceipsab\/wp-json\/wp\/v2\/types\/post"}],"author":[{"embeddable":true,"href":"https:\/\/agora.xtec.cat\/ceipsab\/wp-json\/wp\/v2\/users\/14"}],"replies":[{"embeddable":true,"href":"https:\/\/agora.xtec.cat\/ceipsab\/wp-json\/wp\/v2\/comments?post=4197"}],"version-history":[{"count":1,"href":"https:\/\/agora.xtec.cat\/ceipsab\/wp-json\/wp\/v2\/posts\/4197\/revisions"}],"predecessor-version":[{"id":4198,"href":"https:\/\/agora.xtec.cat\/ceipsab\/wp-json\/wp\/v2\/posts\/4197\/revisions\/4198"}],"wp:attachment":[{"href":"https:\/\/agora.xtec.cat\/ceipsab\/wp-json\/wp\/v2\/media?parent=4197"}],"wp:term":[{"taxonomy":"category","embeddable":true,"href":"https:\/\/agora.xtec.cat\/ceipsab\/wp-json\/wp\/v2\/categories?post=4197"},{"taxonomy":"post_tag","embeddable":true,"href":"https:\/\/agora.xtec.cat\/ceipsab\/wp-json\/wp\/v2\/tags?post=4197"}],"curies":[{"name":"wp","href":"https:\/\/api.w.org\/{rel}","templated":true}]}}