{"id":4187,"date":"2019-05-12T18:44:11","date_gmt":"2019-05-12T16:44:11","guid":{"rendered":"http:\/\/agora.xtec.cat\/ceipsab\/?p=4187"},"modified":"2019-05-12T18:44:11","modified_gmt":"2019-05-12T16:44:11","slug":"sortida-al-park-guell","status":"publish","type":"post","link":"https:\/\/agora.xtec.cat\/ceipsab\/educacio-infantil\/p5\/sortida-al-park-guell\/","title":{"rendered":"SORTIDA AL PARK G\u00dcELL"},"content":{"rendered":"<p>Aquesta setmana els alumnes de P5 hem fet la sortida al Park G\u00fcell. Teniem moltes ganes ja que a les sessions de pl\u00e0stica estem coneixent i reproduint les obres del gran arquitecte i artista Antoni Gaud\u00ed. Primer vam visitar la zona monumental del Park G\u00fcell on les monitores ens van explicar i descobrir moltes curiositats i detalls amagats en les creacions que ens an\u00e0vem trobant i vam veure la font de la sargantana. Sabeu que li vam demanar un desig a cau d&#8217;orella perqu\u00e8 \u00e9s m\u00e0gica?<\/p>\n<p>Despr\u00e9s vam fer el nostre propi trencad\u00eds i vam representar un &#8220;conte mogut&#8221;. Va ser un dia molt interessant i divertit!!!<\/p>\n<p><a href=\"https:\/\/photos.app.goo.gl\/b14EEM6vzqqUg3A2A\"><img loading=\"lazy\" decoding=\"async\" class=\"wp-image-4188 aligncenter\" src=\"https:\/\/agora.xtec.cat\/ceipsab\/wp-content\/uploads\/usu1011\/2019\/05\/7472793346856128-1024x665.jpg\" alt=\"\" width=\"304\" height=\"197\" srcset=\"https:\/\/agora.xtec.cat\/ceipsab\/wp-content\/uploads\/usu1011\/2019\/05\/7472793346856128.jpg 1024w, https:\/\/agora.xtec.cat\/ceipsab\/wp-content\/uploads\/usu1011\/2019\/05\/7472793346856128-300x195.jpg 300w, https:\/\/agora.xtec.cat\/ceipsab\/wp-content\/uploads\/usu1011\/2019\/05\/7472793346856128-768x499.jpg 768w\" sizes=\"auto, (max-width: 304px) 100vw, 304px\" \/><\/a><\/p>\n","protected":false},"excerpt":{"rendered":"<p>Aquesta setmana els alumnes de P5 hem fet la sortida al Park G\u00fcell. Teniem moltes ganes ja que a les sessions de pl\u00e0stica estem coneixent i reproduint les obres del gran arquitecte i artista Antoni Gaud\u00ed. Primer vam visitar la zona monumental del Park G\u00fcell&hellip;  <a href=\"https:\/\/agora.xtec.cat\/ceipsab\/educacio-infantil\/p5\/sortida-al-park-guell\/\" title=\"Read SORTIDA AL PARK G\u00dcELL\">Llegeix m\u00e9s\u00bb<\/a><\/p>\n","protected":false},"author":25,"featured_media":4188,"comment_status":"open","ping_status":"closed","sticky":false,"template":"","format":"standard","meta":{"_bbp_topic_count":0,"_bbp_reply_count":0,"_bbp_total_topic_count":0,"_bbp_total_reply_count":0,"_bbp_voice_count":0,"_bbp_anonymous_reply_count":0,"_bbp_topic_count_hidden":0,"_bbp_reply_count_hidden":0,"_bbp_forum_subforum_count":0,"footnotes":""},"categories":[9],"tags":[],"class_list":["post-4187","post","type-post","status-publish","format-standard","has-post-thumbnail","hentry","category-p5"],"post_mailing_queue_ids":[],"_links":{"self":[{"href":"https:\/\/agora.xtec.cat\/ceipsab\/wp-json\/wp\/v2\/posts\/4187","targetHints":{"allow":["GET"]}}],"collection":[{"href":"https:\/\/agora.xtec.cat\/ceipsab\/wp-json\/wp\/v2\/posts"}],"about":[{"href":"https:\/\/agora.xtec.cat\/ceipsab\/wp-json\/wp\/v2\/types\/post"}],"author":[{"embeddable":true,"href":"https:\/\/agora.xtec.cat\/ceipsab\/wp-json\/wp\/v2\/users\/25"}],"replies":[{"embeddable":true,"href":"https:\/\/agora.xtec.cat\/ceipsab\/wp-json\/wp\/v2\/comments?post=4187"}],"version-history":[{"count":1,"href":"https:\/\/agora.xtec.cat\/ceipsab\/wp-json\/wp\/v2\/posts\/4187\/revisions"}],"predecessor-version":[{"id":4189,"href":"https:\/\/agora.xtec.cat\/ceipsab\/wp-json\/wp\/v2\/posts\/4187\/revisions\/4189"}],"wp:featuredmedia":[{"embeddable":true,"href":"https:\/\/agora.xtec.cat\/ceipsab\/wp-json\/wp\/v2\/media\/4188"}],"wp:attachment":[{"href":"https:\/\/agora.xtec.cat\/ceipsab\/wp-json\/wp\/v2\/media?parent=4187"}],"wp:term":[{"taxonomy":"category","embeddable":true,"href":"https:\/\/agora.xtec.cat\/ceipsab\/wp-json\/wp\/v2\/categories?post=4187"},{"taxonomy":"post_tag","embeddable":true,"href":"https:\/\/agora.xtec.cat\/ceipsab\/wp-json\/wp\/v2\/tags?post=4187"}],"curies":[{"name":"wp","href":"https:\/\/api.w.org\/{rel}","templated":true}]}}