{"id":4166,"date":"2019-05-09T18:58:33","date_gmt":"2019-05-09T16:58:33","guid":{"rendered":"http:\/\/agora.xtec.cat\/ceipsab\/?p=4166"},"modified":"2019-05-09T19:21:42","modified_gmt":"2019-05-09T17:21:42","slug":"ens-acomiadem-de-la-cristina","status":"publish","type":"post","link":"https:\/\/agora.xtec.cat\/ceipsab\/primaria\/cicle-inicial\/1r\/ens-acomiadem-de-la-cristina\/","title":{"rendered":"ENS ACOMIADEM DE LA CRISTINA!"},"content":{"rendered":"<p>&nbsp;<\/p>\n<p>El passat dijous 2 de maig, els alumnes de 1r juntament amb algunes de les mestres de cicle inicial, vam dedicar una estoneta de la tarda per acomiadar-nos de la mestra Cristina (tutora de 1r A conjuntament amb la Laia).\u00a0 Li vam fer entrega d&#8217;un petit \u00e0lbum amb dibuixos i dedicat\u00f2ries dels seus\u00a0 alumnes i mestres de l&#8217;escola.\u00a0 D&#8217;aqu\u00ed a molt poquet tindr\u00e0 un beb\u00e9, aix\u00ed que tot i que la trobarem molt a faltar li desitgem el millor i que gaudeixi molt.<\/p>\n<p><strong>Fins aviat Cristina!<\/strong><\/p>\n<p><a href=\"https:\/\/photos.app.goo.gl\/MKDFaPr5HDRuNhcS8\"><img loading=\"lazy\" decoding=\"async\" class=\"alignnone size-full wp-image-4167\" src=\"https:\/\/agora.xtec.cat\/ceipsab\/wp-content\/uploads\/usu1011\/2019\/05\/bebe.jpg\" alt=\"\" width=\"184\" height=\"261\" \/><\/a><\/p>\n<p>Feu clic a la foto!<\/p>\n","protected":false},"excerpt":{"rendered":"<p>&nbsp;<br \/>\nEl passat dijous 2 de maig, els alumnes de 1r juntament amb algunes de les mestres de cicle inicial, vam dedicar una estoneta de la tarda per acomiadar-nos de la mestra Cristina (tutora de 1r A conjuntament amb la Laia).\u00a0 Li vam fer entrega d&#8217;un&hellip;  <a href=\"https:\/\/agora.xtec.cat\/ceipsab\/primaria\/cicle-inicial\/1r\/ens-acomiadem-de-la-cristina\/\" title=\"Read ENS ACOMIADEM DE LA CRISTINA!\">Llegeix m\u00e9s\u00bb<\/a><\/p>\n","protected":false},"author":1,"featured_media":4167,"comment_status":"open","ping_status":"closed","sticky":false,"template":"","format":"standard","meta":{"_bbp_topic_count":0,"_bbp_reply_count":0,"_bbp_total_topic_count":0,"_bbp_total_reply_count":0,"_bbp_voice_count":0,"_bbp_anonymous_reply_count":0,"_bbp_topic_count_hidden":0,"_bbp_reply_count_hidden":0,"_bbp_forum_subforum_count":0,"footnotes":""},"categories":[10],"tags":[],"class_list":["post-4166","post","type-post","status-publish","format-standard","has-post-thumbnail","hentry","category-1r"],"post_mailing_queue_ids":[],"_links":{"self":[{"href":"https:\/\/agora.xtec.cat\/ceipsab\/wp-json\/wp\/v2\/posts\/4166","targetHints":{"allow":["GET"]}}],"collection":[{"href":"https:\/\/agora.xtec.cat\/ceipsab\/wp-json\/wp\/v2\/posts"}],"about":[{"href":"https:\/\/agora.xtec.cat\/ceipsab\/wp-json\/wp\/v2\/types\/post"}],"author":[{"embeddable":true,"href":"https:\/\/agora.xtec.cat\/ceipsab\/wp-json\/wp\/v2\/users\/1"}],"replies":[{"embeddable":true,"href":"https:\/\/agora.xtec.cat\/ceipsab\/wp-json\/wp\/v2\/comments?post=4166"}],"version-history":[{"count":3,"href":"https:\/\/agora.xtec.cat\/ceipsab\/wp-json\/wp\/v2\/posts\/4166\/revisions"}],"predecessor-version":[{"id":4178,"href":"https:\/\/agora.xtec.cat\/ceipsab\/wp-json\/wp\/v2\/posts\/4166\/revisions\/4178"}],"wp:featuredmedia":[{"embeddable":true,"href":"https:\/\/agora.xtec.cat\/ceipsab\/wp-json\/wp\/v2\/media\/4167"}],"wp:attachment":[{"href":"https:\/\/agora.xtec.cat\/ceipsab\/wp-json\/wp\/v2\/media?parent=4166"}],"wp:term":[{"taxonomy":"category","embeddable":true,"href":"https:\/\/agora.xtec.cat\/ceipsab\/wp-json\/wp\/v2\/categories?post=4166"},{"taxonomy":"post_tag","embeddable":true,"href":"https:\/\/agora.xtec.cat\/ceipsab\/wp-json\/wp\/v2\/tags?post=4166"}],"curies":[{"name":"wp","href":"https:\/\/api.w.org\/{rel}","templated":true}]}}