{"id":4156,"date":"2019-05-03T14:28:23","date_gmt":"2019-05-03T12:28:23","guid":{"rendered":"http:\/\/agora.xtec.cat\/ceipsab\/?p=4156"},"modified":"2019-05-03T14:28:34","modified_gmt":"2019-05-03T12:28:34","slug":"dia-deducacio-fisica-al-carrer","status":"publish","type":"post","link":"https:\/\/agora.xtec.cat\/ceipsab\/educacio-infantil\/p5\/dia-deducacio-fisica-al-carrer\/","title":{"rendered":"DIA D&#8217;EDUCACI\u00d3 F\u00cdSICA AL CARRER"},"content":{"rendered":"<p>El passat dijous 25 d&#8217;abril els infants de P5 tamb\u00e9 vam participar a la jornada del Dia d&#8217;Educaci\u00f3 F\u00edsica al carrer que van organitzar els especialistes d&#8217;educaci\u00f3 f\u00edsica de la nostra escola amb la col\u00b7laboraci\u00f3 dels alumnes m\u00e9s grans de l&#8217;escola i algunes fam\u00edlies.<\/p>\n<p>Va ser un dia molt divertit i din\u00e0mic!!!<\/p>\n<p style=\"text-align: center\"><a href=\"https:\/\/photos.app.goo.gl\/TUKyCxR3ZNoZDZqF6\"><img loading=\"lazy\" decoding=\"async\" class=\"alignnone size-full wp-image-4157\" src=\"https:\/\/agora.xtec.cat\/ceipsab\/wp-content\/uploads\/usu1011\/2019\/05\/baixa-1.jpg\" alt=\"\" width=\"385\" height=\"131\" srcset=\"https:\/\/agora.xtec.cat\/ceipsab\/wp-content\/uploads\/usu1011\/2019\/05\/baixa-1.jpg 385w, https:\/\/agora.xtec.cat\/ceipsab\/wp-content\/uploads\/usu1011\/2019\/05\/baixa-1-300x102.jpg 300w\" sizes=\"auto, (max-width: 385px) 100vw, 385px\" \/><\/a><\/p>\n","protected":false},"excerpt":{"rendered":"<p>El passat dijous 25 d&#8217;abril els infants de P5 tamb\u00e9 vam participar a la jornada del Dia d&#8217;Educaci\u00f3 F\u00edsica al carrer que van organitzar els especialistes d&#8217;educaci\u00f3 f\u00edsica de la nostra escola amb la col\u00b7laboraci\u00f3 dels alumnes m\u00e9s grans de l&#8217;escola i algunes fam\u00edlies.<br \/>\nVa ser&hellip;  <a href=\"https:\/\/agora.xtec.cat\/ceipsab\/educacio-infantil\/p5\/dia-deducacio-fisica-al-carrer\/\" title=\"Read DIA D&#8217;EDUCACI\u00d3 F\u00cdSICA AL CARRER\">Llegeix m\u00e9s\u00bb<\/a><\/p>\n","protected":false},"author":25,"featured_media":4157,"comment_status":"open","ping_status":"closed","sticky":false,"template":"","format":"standard","meta":{"_bbp_topic_count":0,"_bbp_reply_count":0,"_bbp_total_topic_count":0,"_bbp_total_reply_count":0,"_bbp_voice_count":0,"_bbp_anonymous_reply_count":0,"_bbp_topic_count_hidden":0,"_bbp_reply_count_hidden":0,"_bbp_forum_subforum_count":0,"footnotes":""},"categories":[9],"tags":[],"class_list":["post-4156","post","type-post","status-publish","format-standard","has-post-thumbnail","hentry","category-p5"],"post_mailing_queue_ids":[],"_links":{"self":[{"href":"https:\/\/agora.xtec.cat\/ceipsab\/wp-json\/wp\/v2\/posts\/4156","targetHints":{"allow":["GET"]}}],"collection":[{"href":"https:\/\/agora.xtec.cat\/ceipsab\/wp-json\/wp\/v2\/posts"}],"about":[{"href":"https:\/\/agora.xtec.cat\/ceipsab\/wp-json\/wp\/v2\/types\/post"}],"author":[{"embeddable":true,"href":"https:\/\/agora.xtec.cat\/ceipsab\/wp-json\/wp\/v2\/users\/25"}],"replies":[{"embeddable":true,"href":"https:\/\/agora.xtec.cat\/ceipsab\/wp-json\/wp\/v2\/comments?post=4156"}],"version-history":[{"count":1,"href":"https:\/\/agora.xtec.cat\/ceipsab\/wp-json\/wp\/v2\/posts\/4156\/revisions"}],"predecessor-version":[{"id":4158,"href":"https:\/\/agora.xtec.cat\/ceipsab\/wp-json\/wp\/v2\/posts\/4156\/revisions\/4158"}],"wp:featuredmedia":[{"embeddable":true,"href":"https:\/\/agora.xtec.cat\/ceipsab\/wp-json\/wp\/v2\/media\/4157"}],"wp:attachment":[{"href":"https:\/\/agora.xtec.cat\/ceipsab\/wp-json\/wp\/v2\/media?parent=4156"}],"wp:term":[{"taxonomy":"category","embeddable":true,"href":"https:\/\/agora.xtec.cat\/ceipsab\/wp-json\/wp\/v2\/categories?post=4156"},{"taxonomy":"post_tag","embeddable":true,"href":"https:\/\/agora.xtec.cat\/ceipsab\/wp-json\/wp\/v2\/tags?post=4156"}],"curies":[{"name":"wp","href":"https:\/\/api.w.org\/{rel}","templated":true}]}}