{"id":4148,"date":"2019-05-03T14:19:11","date_gmt":"2019-05-03T12:19:11","guid":{"rendered":"http:\/\/agora.xtec.cat\/ceipsab\/?p=4148"},"modified":"2019-05-05T17:58:26","modified_gmt":"2019-05-05T15:58:26","slug":"diada-de-sant-jordi","status":"publish","type":"post","link":"https:\/\/agora.xtec.cat\/ceipsab\/educacio-infantil\/p3\/diada-de-sant-jordi\/","title":{"rendered":"DIADA DE SANT JORDI"},"content":{"rendered":"<p>La diada de Sant Jordi els infants vam compartir moltes activitats junta: la paradeta de llibres de l&#8217;AMPA, les can\u00e7ons i representacions i els Jocs Florals de l&#8217;escola amb els seus premis.<\/p>\n<p>Aqu\u00ed us deixem els enlla\u00e7os per poder veure els v\u00eddeos de la representaci\u00f3 de P5 de la llegenda de Sant Jordi i les can\u00e7ons i danses de P4 i P3.<\/p>\n<p><a href=\"https:\/\/youtu.be\/jLyohXEiDK4\"><img loading=\"lazy\" decoding=\"async\" class=\"wp-image-4151 alignleft\" src=\"https:\/\/agora.xtec.cat\/ceipsab\/wp-content\/uploads\/usu1011\/2019\/05\/som-els-cavallers.jpg\" alt=\"\" width=\"79\" height=\"119\" srcset=\"https:\/\/agora.xtec.cat\/ceipsab\/wp-content\/uploads\/usu1011\/2019\/05\/som-els-cavallers.jpg 400w, https:\/\/agora.xtec.cat\/ceipsab\/wp-content\/uploads\/usu1011\/2019\/05\/som-els-cavallers-200x300.jpg 200w\" sizes=\"auto, (max-width: 79px) 100vw, 79px\" \/><\/a><\/p>\n<p>&nbsp;<\/p>\n<p><strong>P3\u00a0<\/strong><\/p>\n<p>&nbsp;<\/p>\n<p><a href=\"https:\/\/youtu.be\/K85grTe-kiE\"><img loading=\"lazy\" decoding=\"async\" class=\"wp-image-4150 alignleft\" src=\"https:\/\/agora.xtec.cat\/ceipsab\/wp-content\/uploads\/usu1011\/2019\/05\/santjordi.jpg\" alt=\"\" width=\"111\" height=\"106\" srcset=\"https:\/\/agora.xtec.cat\/ceipsab\/wp-content\/uploads\/usu1011\/2019\/05\/santjordi.jpg 354w, https:\/\/agora.xtec.cat\/ceipsab\/wp-content\/uploads\/usu1011\/2019\/05\/santjordi-300x286.jpg 300w\" sizes=\"auto, (max-width: 111px) 100vw, 111px\" \/><\/a><\/p>\n<p><a href=\"https:\/\/agora.xtec.cat\/ceipsab\/wp-content\/uploads\/usu1011\/2019\/05\/santjordi.jpg\">\u00a0<\/a><\/p>\n<p><strong>P4<\/strong><\/p>\n<p>&nbsp;<\/p>\n<p><a href=\"https:\/\/youtu.be\/qQk0U25NcNE\"><img loading=\"lazy\" decoding=\"async\" class=\"wp-image-4149 alignleft\" src=\"https:\/\/agora.xtec.cat\/ceipsab\/wp-content\/uploads\/usu1011\/2019\/05\/cavaller.png\" alt=\"\" width=\"83\" height=\"133\" srcset=\"https:\/\/agora.xtec.cat\/ceipsab\/wp-content\/uploads\/usu1011\/2019\/05\/cavaller.png 312w, https:\/\/agora.xtec.cat\/ceipsab\/wp-content\/uploads\/usu1011\/2019\/05\/cavaller-187x300.png 187w\" sizes=\"auto, (max-width: 83px) 100vw, 83px\" \/><\/a><strong>P5<\/strong><\/p>\n","protected":false},"excerpt":{"rendered":"<p>La diada de Sant Jordi els infants vam compartir moltes activitats junta: la paradeta de llibres de l&#8217;AMPA, les can\u00e7ons i representacions i els Jocs Florals de l&#8217;escola amb els seus premis.<br \/>\nAqu\u00ed us deixem els enlla\u00e7os per poder veure els v\u00eddeos de la representaci\u00f3 de&hellip;  <a href=\"https:\/\/agora.xtec.cat\/ceipsab\/educacio-infantil\/p3\/diada-de-sant-jordi\/\" title=\"Read DIADA DE SANT JORDI\">Llegeix m\u00e9s\u00bb<\/a><\/p>\n","protected":false},"author":25,"featured_media":4151,"comment_status":"open","ping_status":"closed","sticky":false,"template":"","format":"standard","meta":{"_bbp_topic_count":0,"_bbp_reply_count":0,"_bbp_total_topic_count":0,"_bbp_total_reply_count":0,"_bbp_voice_count":0,"_bbp_anonymous_reply_count":0,"_bbp_topic_count_hidden":0,"_bbp_reply_count_hidden":0,"_bbp_forum_subforum_count":0,"footnotes":""},"categories":[62,3,8,9],"tags":[],"class_list":["post-4148","post","type-post","status-publish","format-standard","has-post-thumbnail","hentry","category-educacio-infantil","category-p3","category-p4","category-p5"],"post_mailing_queue_ids":[],"_links":{"self":[{"href":"https:\/\/agora.xtec.cat\/ceipsab\/wp-json\/wp\/v2\/posts\/4148","targetHints":{"allow":["GET"]}}],"collection":[{"href":"https:\/\/agora.xtec.cat\/ceipsab\/wp-json\/wp\/v2\/posts"}],"about":[{"href":"https:\/\/agora.xtec.cat\/ceipsab\/wp-json\/wp\/v2\/types\/post"}],"author":[{"embeddable":true,"href":"https:\/\/agora.xtec.cat\/ceipsab\/wp-json\/wp\/v2\/users\/25"}],"replies":[{"embeddable":true,"href":"https:\/\/agora.xtec.cat\/ceipsab\/wp-json\/wp\/v2\/comments?post=4148"}],"version-history":[{"count":1,"href":"https:\/\/agora.xtec.cat\/ceipsab\/wp-json\/wp\/v2\/posts\/4148\/revisions"}],"predecessor-version":[{"id":4152,"href":"https:\/\/agora.xtec.cat\/ceipsab\/wp-json\/wp\/v2\/posts\/4148\/revisions\/4152"}],"wp:featuredmedia":[{"embeddable":true,"href":"https:\/\/agora.xtec.cat\/ceipsab\/wp-json\/wp\/v2\/media\/4151"}],"wp:attachment":[{"href":"https:\/\/agora.xtec.cat\/ceipsab\/wp-json\/wp\/v2\/media?parent=4148"}],"wp:term":[{"taxonomy":"category","embeddable":true,"href":"https:\/\/agora.xtec.cat\/ceipsab\/wp-json\/wp\/v2\/categories?post=4148"},{"taxonomy":"post_tag","embeddable":true,"href":"https:\/\/agora.xtec.cat\/ceipsab\/wp-json\/wp\/v2\/tags?post=4148"}],"curies":[{"name":"wp","href":"https:\/\/api.w.org\/{rel}","templated":true}]}}