{"id":4050,"date":"2019-04-26T12:56:43","date_gmt":"2019-04-26T10:56:43","guid":{"rendered":"http:\/\/agora.xtec.cat\/ceipsab\/?p=4050"},"modified":"2019-04-26T12:58:39","modified_gmt":"2019-04-26T10:58:39","slug":"colonies-de-segon","status":"publish","type":"post","link":"https:\/\/agora.xtec.cat\/ceipsab\/portada\/colonies-de-segon\/","title":{"rendered":"COL\u00d2NIES DE SEGON"},"content":{"rendered":"<p>Abans de les vacances de Setmana Santa els i les alumnes de segon vam gaudir de 3 dies de col\u00f2nies al Collell. Van ser tres dies plens d&#8217;hist\u00f2ries, aventures i experi\u00e8ncies que no oblidarem. Vam fer moltes activitats amb els monitors de la casa i vam poder fer una mica de gresca a les habitacions amb els nostres companys i companyes. Ens ho vam passar genial.<\/p>\n<p>Aqu\u00ed us deixem unes quantes fotos d&#8217;aquells dies.<\/p>\n<p>Fins la propera !!!!<\/p>\n<p><a href=\"https:\/\/photos.app.goo.gl\/4HwTQuQvJs53Nj7y6\"><img loading=\"lazy\" decoding=\"async\" class=\" wp-image-4051 aligncenter\" src=\"https:\/\/agora.xtec.cat\/ceipsab\/wp-content\/uploads\/usu1011\/2019\/04\/esplai_nen37-copia.png\" alt=\"\" width=\"187\" height=\"164\" srcset=\"https:\/\/agora.xtec.cat\/ceipsab\/wp-content\/uploads\/usu1011\/2019\/04\/esplai_nen37-copia.png 320w, https:\/\/agora.xtec.cat\/ceipsab\/wp-content\/uploads\/usu1011\/2019\/04\/esplai_nen37-copia-300x263.png 300w\" sizes=\"auto, (max-width: 187px) 100vw, 187px\" \/><\/a><\/p>\n<p>&nbsp;<\/p>\n","protected":false},"excerpt":{"rendered":"<p>Abans de les vacances de Setmana Santa els i les alumnes de segon vam gaudir de 3 dies de col\u00f2nies al Collell. Van ser tres dies plens d&#8217;hist\u00f2ries, aventures i experi\u00e8ncies que no oblidarem. Vam fer moltes activitats amb els monitors de la casa i&hellip;  <a href=\"https:\/\/agora.xtec.cat\/ceipsab\/portada\/colonies-de-segon\/\" title=\"Read COL\u00d2NIES DE SEGON\">Llegeix m\u00e9s\u00bb<\/a><\/p>\n","protected":false},"author":1,"featured_media":0,"comment_status":"open","ping_status":"closed","sticky":false,"template":"","format":"standard","meta":{"_bbp_topic_count":0,"_bbp_reply_count":0,"_bbp_total_topic_count":0,"_bbp_total_reply_count":0,"_bbp_voice_count":0,"_bbp_anonymous_reply_count":0,"_bbp_topic_count_hidden":0,"_bbp_reply_count_hidden":0,"_bbp_forum_subforum_count":0,"footnotes":""},"categories":[11,63,5,4],"tags":[],"class_list":["post-4050","post","type-post","status-publish","format-standard","hentry","category-2n","category-cicle-inicial","category-primaria","category-portada"],"post_mailing_queue_ids":[],"_links":{"self":[{"href":"https:\/\/agora.xtec.cat\/ceipsab\/wp-json\/wp\/v2\/posts\/4050","targetHints":{"allow":["GET"]}}],"collection":[{"href":"https:\/\/agora.xtec.cat\/ceipsab\/wp-json\/wp\/v2\/posts"}],"about":[{"href":"https:\/\/agora.xtec.cat\/ceipsab\/wp-json\/wp\/v2\/types\/post"}],"author":[{"embeddable":true,"href":"https:\/\/agora.xtec.cat\/ceipsab\/wp-json\/wp\/v2\/users\/1"}],"replies":[{"embeddable":true,"href":"https:\/\/agora.xtec.cat\/ceipsab\/wp-json\/wp\/v2\/comments?post=4050"}],"version-history":[{"count":1,"href":"https:\/\/agora.xtec.cat\/ceipsab\/wp-json\/wp\/v2\/posts\/4050\/revisions"}],"predecessor-version":[{"id":4052,"href":"https:\/\/agora.xtec.cat\/ceipsab\/wp-json\/wp\/v2\/posts\/4050\/revisions\/4052"}],"wp:attachment":[{"href":"https:\/\/agora.xtec.cat\/ceipsab\/wp-json\/wp\/v2\/media?parent=4050"}],"wp:term":[{"taxonomy":"category","embeddable":true,"href":"https:\/\/agora.xtec.cat\/ceipsab\/wp-json\/wp\/v2\/categories?post=4050"},{"taxonomy":"post_tag","embeddable":true,"href":"https:\/\/agora.xtec.cat\/ceipsab\/wp-json\/wp\/v2\/tags?post=4050"}],"curies":[{"name":"wp","href":"https:\/\/api.w.org\/{rel}","templated":true}]}}