{"id":4017,"date":"2019-04-09T16:40:56","date_gmt":"2019-04-09T14:40:56","guid":{"rendered":"http:\/\/agora.xtec.cat\/ceipsab\/?p=4017"},"modified":"2019-04-09T16:40:56","modified_gmt":"2019-04-09T14:40:56","slug":"la-vella-quaresma","status":"publish","type":"post","link":"https:\/\/agora.xtec.cat\/ceipsab\/educacio-infantil\/p5\/general\/la-vella-quaresma\/","title":{"rendered":"LA VELLA QUARESMA!"},"content":{"rendered":"<p>Hola fam\u00edlies!<\/p>\n<p>Fa dies que la Vella Quaresma va arribar a la nostra escola. Cada setmana li hem anat tallant una cama i per fi, avui, ha estat la \u00faltima! Aix\u00f2 vol dir que ja tenim aqu\u00ed les vacances de Setmana Santa!<\/p>\n<p>Els nens i nenes d&#8217;Educaci\u00f3 Infantil estem d&#8217;all\u00f2 m\u00e9s contents!<\/p>\n<p>Us deixem unes fotografies de totes aquestes setmanes!<\/p>\n<p><a href=\"https:\/\/photos.app.goo.gl\/XwtCpmV7kGdehqhi6\"><img loading=\"lazy\" decoding=\"async\" class=\"\" src=\"https:\/\/lh3.googleusercontent.com\/1us25oI5VE-mGL-Tj50h9yQMgfylXJ2hJO42Fa5hMdxd9Vd6wNraHimzIwHNHdDZoU3yleeTyqr9FIssnjbfltNv5pp5Oi02tywCo24g2SyZSG4gEt0MiNLTgCJsCWhDe2UA0oYgS4tUhUke3h3Bq-ELXU8nZtO4FcvdfjtBAC3AyDTj_we5RzWRnPWfjfUg8hAFHI3sQ31dvhra97pTQUKOxPtzgWHGfErLkRx7rhYDSkgtPoJd4GLpP-Scp9HCtGRy0Bn3Do_LAtWm-xysn5Bj2SRB9xqmEqh8798Asxpyh4B6ou3SEYV5PGxoFdJoAfi2Y6dkGbGiy0ZmBL1oZ9vLPnU_dxrlUdXl4HCPA8EA2mJ361vbXJGssDKtzohRSGCr6jJWuY45A8Ys-lKgOCvyCaocmBb4pc3sWEyU54tsERIHpmLLmRinsgeRea5t2tCUHRBfHpE800dw5K3fpl0pT44QL_Npt5dSdZfdT7v4SwWME1lI5krIqey9YgoA8y8I1FZ4IKv0_UCUpFcZg_ihUU7k_8AECBF13ioALCJEmfipqwiUBtJWzyuPil7ZQF6lShq3iJ4-ZWPM1mxrKpxPXY9q5FZ5KIL-7W_8NkZyeUbl8bJoWGPL4Z1Lv01XcdErtOUNn1o_gXyN7RAhyyWZZE7vygw=w371-h657-no\" width=\"178\" height=\"316\" \/><\/a><\/p>\n","protected":false},"excerpt":{"rendered":"<p>Hola fam\u00edlies!<br \/>\nFa dies que la Vella Quaresma va arribar a la nostra escola. Cada setmana li hem anat tallant una cama i per fi, avui, ha estat la \u00faltima! Aix\u00f2 vol dir que ja tenim aqu\u00ed les vacances de Setmana Santa!<br \/>\nEls nens i nenes d&#8217;Educaci\u00f3&hellip;  <a href=\"https:\/\/agora.xtec.cat\/ceipsab\/educacio-infantil\/p5\/general\/la-vella-quaresma\/\" title=\"Read LA VELLA QUARESMA!\">Llegeix m\u00e9s\u00bb<\/a><\/p>\n","protected":false},"author":1,"featured_media":0,"comment_status":"open","ping_status":"closed","sticky":false,"template":"","format":"standard","meta":{"_bbp_topic_count":0,"_bbp_reply_count":0,"_bbp_total_topic_count":0,"_bbp_total_reply_count":0,"_bbp_voice_count":0,"_bbp_anonymous_reply_count":0,"_bbp_topic_count_hidden":0,"_bbp_reply_count_hidden":0,"_bbp_forum_subforum_count":0,"footnotes":""},"categories":[62,1,3,8,9],"tags":[],"class_list":["post-4017","post","type-post","status-publish","format-standard","hentry","category-educacio-infantil","category-general","category-p3","category-p4","category-p5"],"post_mailing_queue_ids":[],"_links":{"self":[{"href":"https:\/\/agora.xtec.cat\/ceipsab\/wp-json\/wp\/v2\/posts\/4017","targetHints":{"allow":["GET"]}}],"collection":[{"href":"https:\/\/agora.xtec.cat\/ceipsab\/wp-json\/wp\/v2\/posts"}],"about":[{"href":"https:\/\/agora.xtec.cat\/ceipsab\/wp-json\/wp\/v2\/types\/post"}],"author":[{"embeddable":true,"href":"https:\/\/agora.xtec.cat\/ceipsab\/wp-json\/wp\/v2\/users\/1"}],"replies":[{"embeddable":true,"href":"https:\/\/agora.xtec.cat\/ceipsab\/wp-json\/wp\/v2\/comments?post=4017"}],"version-history":[{"count":1,"href":"https:\/\/agora.xtec.cat\/ceipsab\/wp-json\/wp\/v2\/posts\/4017\/revisions"}],"predecessor-version":[{"id":4018,"href":"https:\/\/agora.xtec.cat\/ceipsab\/wp-json\/wp\/v2\/posts\/4017\/revisions\/4018"}],"wp:attachment":[{"href":"https:\/\/agora.xtec.cat\/ceipsab\/wp-json\/wp\/v2\/media?parent=4017"}],"wp:term":[{"taxonomy":"category","embeddable":true,"href":"https:\/\/agora.xtec.cat\/ceipsab\/wp-json\/wp\/v2\/categories?post=4017"},{"taxonomy":"post_tag","embeddable":true,"href":"https:\/\/agora.xtec.cat\/ceipsab\/wp-json\/wp\/v2\/tags?post=4017"}],"curies":[{"name":"wp","href":"https:\/\/api.w.org\/{rel}","templated":true}]}}